{"id":22184,"date":"2025-02-21T02:29:19","date_gmt":"2025-02-21T08:29:19","guid":{"rendered":"https:\/\/www.macquero.com\/?p=22184"},"modified":"2025-04-15T12:16:15","modified_gmt":"2025-04-15T18:16:15","slug":"escupire-sobre-sus-tumbas-serie-colombiana","status":"publish","type":"post","link":"https:\/\/www.macquero.com\/en\/2025\/02\/escupire-sobre-sus-tumbas-serie-colombiana\/","title":{"rendered":"Escupir\u00e9 sobre sus tumbas: amor, venganza y secretos desde Colombia"},"content":{"rendered":"<p>Una nueva serie latinoamericana ha llegado a las plataformas y no ha pasado desapercibida. Hablamos de <strong>Escupir\u00e9 sobre sus tumbas<\/strong>, una producci\u00f3n colombiana inspirada \u2014aunque de forma libre\u2014 en la pol\u00e9mica novela de <strong>Boris Vian<\/strong>, con una narrativa que se mueve entre <strong>el amor, la venganza, la traici\u00f3n y los secretos familiares<\/strong>.<\/p>\n\n\n\n<p>Desde su lanzamiento, esta serie ha captado la atenci\u00f3n por su <strong>estilo visual, fuerza dram\u00e1tica y el despliegue actoral<\/strong> de un elenco que sabe c\u00f3mo mantener la tensi\u00f3n en cada episodio.<\/p>\n\n\n\n<hr class=\"wp-block-separator has-alpha-channel-opacity\"\/>\n\n\n\n<h3 class=\"wp-block-heading\">Inspiraci\u00f3n literaria con sello latino<\/h3>\n\n\n\n<p>Aunque el t\u00edtulo pueda recordar a la novela francesa publicada en 1946 bajo seud\u00f3nimo, esta serie <strong>adapta el concepto al contexto colombiano<\/strong>, d\u00e1ndole un enfoque m\u00e1s contempor\u00e1neo y emocional.<br>El resultado es una historia con <strong>intensidad narrativa<\/strong>, que se apoya tanto en el desarrollo de sus personajes como en la atm\u00f3sfera cargada de tensiones que se respira en cada episodio.<\/p>\n\n\n\n<hr class=\"wp-block-separator has-alpha-channel-opacity\"\/>\n\n\n\n<h3 class=\"wp-block-heading\">Direcci\u00f3n, producci\u00f3n y escenarios<\/h3>\n\n\n\n<p>La serie cuenta con la direcci\u00f3n de <strong>M\u00f3nica Botero<\/strong> y <strong>Carlos Mario Urrea<\/strong>, y es producida por <strong>Asier Aguilar<\/strong>, nombres que vienen pisando fuerte en la industria audiovisual colombiana.<\/p>\n\n\n\n<p>Uno de sus grandes aciertos es la <strong>fotograf\u00eda y localizaci\u00f3n<\/strong>: la historia se desarrolla en <strong>Cartagena, Barranquilla y Bogot\u00e1<\/strong>, lo que aporta una <strong>riqueza visual y cultural<\/strong> que enriquece la trama. Las calles, el mar, los interiores sofisticados o los rincones m\u00e1s oscuros de la ciudad, todos aportan a la tensi\u00f3n narrativa.<\/p>\n\n\n\n<hr class=\"wp-block-separator has-alpha-channel-opacity\"\/>\n\n\n\n<h3 class=\"wp-block-heading\">Elenco con fuerza y carisma<\/h3>\n\n\n\n<p>El reparto, compuesto por <strong>actores y actrices colombianos reconocidos y emergentes<\/strong>, aporta gran profundidad a los personajes. Se nota el trabajo detr\u00e1s de cada interpretaci\u00f3n, y <strong>las actuaciones femeninas en particular se roban la pantalla<\/strong>, no solo por su talento sino tambi\u00e9n por la fuerza y complejidad de los papeles que representan.<\/p>\n\n\n\n<p>Si necesitabas un motivo m\u00e1s para verla, <strong>s\u00ed, las actrices son absolutamente deslumbrantes<\/strong>, y no solo en lo visual: interpretan personajes con conflictos reales, decisiones dif\u00edciles y una presencia magn\u00e9tica.<\/p>\n\n\n\n<hr class=\"wp-block-separator has-alpha-channel-opacity\"\/>\n\n\n\n<h3 class=\"wp-block-heading\">\u00bfPor qu\u00e9 vale la pena verla?<\/h3>\n\n\n\n<ul class=\"wp-block-list\">\n<li>Porque <strong>no teme ser intensa<\/strong>: aqu\u00ed no hay filtros innecesarios.<\/li>\n\n\n\n<li>Porque muestra <strong>una narrativa que combina lo emocional con lo crudo<\/strong>.<\/li>\n\n\n\n<li>Porque es un ejemplo m\u00e1s de que <strong>la producci\u00f3n latinoamericana est\u00e1 en uno de sus mejores momentos<\/strong>.<\/li>\n\n\n\n<li>Porque engancha, y mucho.<\/li>\n<\/ul>\n\n\n\n<hr class=\"wp-block-separator has-alpha-channel-opacity\"\/>\n\n\n\n<h3 class=\"wp-block-heading\">\u00bfPara qui\u00e9n es?<\/h3>\n\n\n\n<p>Si te gustan las series con <strong>drama, tensi\u00f3n emocional, escenarios vibrantes<\/strong> y personajes que ocultan m\u00e1s de lo que dicen, <em>Escupir\u00e9 sobre sus tumbas<\/em> puede ser tu pr\u00f3xima obsesi\u00f3n.<\/p>\n\n\n\n<hr class=\"wp-block-separator has-alpha-channel-opacity\"\/>\n\n\n\n<p><strong>Calificaci\u00f3n:<\/strong> &#x2b50;&#x2b50;&#x2b50;&#x2b50; (4 de 5)<br><strong>Disponible en:<\/strong> Plataforma de streaming (consulta disponibilidad regional)<\/p>","protected":false},"excerpt":{"rendered":"<p>Escupir\u00e9 sobre sus tumbas es una serie colombiana cargada de amor, venganza y secretos. Con escenarios vibrantes y actuaciones destacadas, es una propuesta imperdible.<\/p>","protected":false},"author":2,"featured_media":22185,"comment_status":"closed","ping_status":"closed","sticky":false,"template":"","format":"standard","meta":{"jetpack_post_was_ever_published":false,"_jetpack_newsletter_access":"","_jetpack_dont_email_post_to_subs":false,"_jetpack_newsletter_tier_id":0,"_jetpack_memberships_contains_paywalled_content":false,"_jetpack_memberships_contains_paid_content":false,"footnotes":"","jetpack_publicize_message":"","jetpack_publicize_feature_enabled":true,"jetpack_social_post_already_shared":true,"jetpack_social_options":{"image_generator_settings":{"template":"highway","default_image_id":0,"font":"","enabled":false},"version":2}},"categories":[974],"tags":[303],"class_list":["post-22184","post","type-post","status-publish","format-standard","has-post-thumbnail","hentry","category-telenovela","tag-drama"],"jetpack_publicize_connections":[],"jetpack_featured_media_url":"https:\/\/www.macquero.com\/wp-content\/uploads\/2025\/02\/ir.png","jetpack_sharing_enabled":true,"_links":{"self":[{"href":"https:\/\/www.macquero.com\/en\/wp-json\/wp\/v2\/posts\/22184","targetHints":{"allow":["GET"]}}],"collection":[{"href":"https:\/\/www.macquero.com\/en\/wp-json\/wp\/v2\/posts"}],"about":[{"href":"https:\/\/www.macquero.com\/en\/wp-json\/wp\/v2\/types\/post"}],"author":[{"embeddable":true,"href":"https:\/\/www.macquero.com\/en\/wp-json\/wp\/v2\/users\/2"}],"replies":[{"embeddable":true,"href":"https:\/\/www.macquero.com\/en\/wp-json\/wp\/v2\/comments?post=22184"}],"version-history":[{"count":4,"href":"https:\/\/www.macquero.com\/en\/wp-json\/wp\/v2\/posts\/22184\/revisions"}],"predecessor-version":[{"id":22471,"href":"https:\/\/www.macquero.com\/en\/wp-json\/wp\/v2\/posts\/22184\/revisions\/22471"}],"wp:featuredmedia":[{"embeddable":true,"href":"https:\/\/www.macquero.com\/en\/wp-json\/wp\/v2\/media\/22185"}],"wp:attachment":[{"href":"https:\/\/www.macquero.com\/en\/wp-json\/wp\/v2\/media?parent=22184"}],"wp:term":[{"taxonomy":"category","embeddable":true,"href":"https:\/\/www.macquero.com\/en\/wp-json\/wp\/v2\/categories?post=22184"},{"taxonomy":"post_tag","embeddable":true,"href":"https:\/\/www.macquero.com\/en\/wp-json\/wp\/v2\/tags?post=22184"}],"curies":[{"name":"wp","href":"https:\/\/api.w.org\/{rel}","templated":true}]}}