{"id":22155,"date":"2025-02-11T07:28:56","date_gmt":"2025-02-11T13:28:56","guid":{"rendered":"https:\/\/www.macquero.com\/?p=22155"},"modified":"2025-04-23T11:09:42","modified_gmt":"2025-04-23T17:09:42","slug":"entrevias-temporadas-3-y-4","status":"publish","type":"post","link":"https:\/\/www.macquero.com\/en\/2025\/02\/entrevias-temporadas-3-y-4\/","title":{"rendered":"Entrev\u00edas: temporadas 3 y 4 \u2013 \u00bfhasta d\u00f3nde deb\u00eda llegar esta historia?"},"content":{"rendered":"<p><em>Entrev\u00edas<\/em>, la serie espa\u00f1ola creada por <strong>Aitor Gabilondo<\/strong>, se gan\u00f3 un lugar entre los dramas urbanos m\u00e1s comentados de los \u00faltimos a\u00f1os. Estrenada en 2022, la historia de <strong>Tirso Abantos<\/strong> \u2014un veterano militar retirado que regenta una ferreter\u00eda en un barrio conflictivo de Madrid\u2014 ofrec\u00eda una mezcla de acci\u00f3n, cr\u00edtica social, v\u00ednculos familiares tensos y realismo crudo que <strong>atrap\u00f3 desde el primer episodio<\/strong>.<\/p>\n\n\n\n<p>Sin embargo, tras ver las <strong>temporadas 3 y 4<\/strong>, mi percepci\u00f3n ha cambiado un poco. Aunque la serie mantiene su esencia, hay elementos que \u2014en mi opini\u00f3n\u2014 <strong>se estiran m\u00e1s de la cuenta<\/strong>. \u00bfSigue siendo buena? S\u00ed, pero con matices importantes.<\/p>\n\n\n\n<hr class=\"wp-block-separator has-alpha-channel-opacity\"\/>\n\n\n\n<h3 class=\"wp-block-heading\">Temporada 3: el conflicto escala<\/h3>\n\n\n\n<p>La tercera temporada retoma el drama donde lo dej\u00f3 la anterior, con <strong>Tirso enfrentando nuevas amenazas<\/strong> tanto en su barrio como en su vida personal.<br>Su v\u00ednculo con su nieta Irene sigue siendo el coraz\u00f3n emocional de la trama, mientras que los problemas con las bandas locales <strong>aumentan en intensidad y violencia<\/strong>.<\/p>\n\n\n\n<p>Hay nuevos personajes, nuevas lealtades y traiciones. La temporada logra mantener <strong>un buen ritmo<\/strong>, combinando momentos emotivos con escenas de acci\u00f3n bien logradas. A\u00fan as\u00ed, ya se empieza a notar que <strong>la f\u00f3rmula se repite<\/strong>, y que los conflictos parecen avanzar m\u00e1s por inercia que por evoluci\u00f3n natural de los personajes.<\/p>\n\n\n\n<hr class=\"wp-block-separator has-alpha-channel-opacity\"\/>\n\n\n\n<h3 class=\"wp-block-heading\">Temporada 4: una despedida innecesaria<\/h3>\n\n\n\n<p>La cuarta temporada contin\u00faa el desarrollo de los personajes y <strong>lleva al extremo las tensiones ya establecidas<\/strong>. Se exploran m\u00e1s profundamente los dilemas morales de Tirso, y la narrativa gira en torno a las consecuencias de las decisiones tomadas en el pasado.<\/p>\n\n\n\n<p>Nuevas bandas, nuevos enemigos y m\u00e1s complejidades sociales. Suena bien\u2026 pero en la pr\u00e1ctica, <strong>la temporada se siente alargada<\/strong>. Los giros dram\u00e1ticos no siempre resultan cre\u00edbles, y el final, aunque cargado de emociones, <strong>se percibe ca\u00f3tico y forzado<\/strong>.<\/p>\n\n\n\n<p>El cierre de esta temporada no est\u00e1 a la altura del tono que defini\u00f3 a <em>Entrev\u00edas<\/em> en sus inicios. Lo que comenz\u00f3 como un retrato \u00edntimo de la vida en los m\u00e1rgenes se convierte en un drama <strong>demasiado telenovelesco<\/strong>, con algunos momentos que rozan el exceso.<\/p>\n\n\n\n<hr class=\"wp-block-separator has-alpha-channel-opacity\"\/>\n\n\n\n<h3 class=\"wp-block-heading\">\u00bfVale la pena verla?<\/h3>\n\n\n\n<p>Depende de lo que busques. Si disfrutaste las dos primeras temporadas y tienes afinidad por el <strong>g\u00e9nero de telenovela espa\u00f1ola con tintes sociales y acci\u00f3n<\/strong>, probablemente te resulte entretenida.<br>Pero si esperas un cierre que mantenga la sobriedad y el impacto emocional del inicio, <strong>la cuarta temporada podr\u00eda decepcionarte<\/strong>.<\/p>\n\n\n\n<p>Tambi\u00e9n es importante decirlo: <strong>no es una serie ligera<\/strong>. Si est\u00e1s pasando por un momento emocional dif\u00edcil, quiz\u00e1 no sea la mejor opci\u00f3n. La historia es intensa, y su tono oscuro puede resultar pesado.<\/p>\n\n\n\n<hr class=\"wp-block-separator has-alpha-channel-opacity\"\/>\n\n\n\n<h3 class=\"wp-block-heading\">Conclusi\u00f3n<\/h3>\n\n\n\n<p><em>Entrev\u00edas<\/em> sigue siendo una serie valiosa por lo que intent\u00f3 mostrar: <strong>la lucha diaria en los barrios marginados, las segundas oportunidades y la complejidad de las relaciones familiares<\/strong>.<br>Pero con el paso de las temporadas, su impacto inicial se diluye. En lo personal, <strong>la primera entrega fue la m\u00e1s fuerte<\/strong>\u2026 y <strong>la cuarta, completamente innecesaria<\/strong>.<\/p>\n\n\n\n<hr class=\"wp-block-separator has-alpha-channel-opacity\"\/>\n\n\n\n<p><strong>Calificaci\u00f3n:<\/strong> &#x2b50;&#x2b50;&#x2b50; (3 de 5)<br><strong>Disponible en:<\/strong> Netflix<\/p>\n\n\n\n<hr class=\"wp-block-separator has-alpha-channel-opacity\"\/>\n\n\n\n<h3 class=\"wp-block-heading\"><\/h3>","protected":false},"excerpt":{"rendered":"<p>Entrev\u00edas llega a su cuarta temporada con drama, acci\u00f3n y decisiones extremas. \u00bfSigue siendo impactante o ya es demasiado? Una rese\u00f1a honesta, sin spoilers.<\/p>","protected":false},"author":2,"featured_media":22156,"comment_status":"closed","ping_status":"closed","sticky":false,"template":"","format":"standard","meta":{"jetpack_post_was_ever_published":false,"_jetpack_newsletter_access":"","_jetpack_dont_email_post_to_subs":false,"_jetpack_newsletter_tier_id":0,"_jetpack_memberships_contains_paywalled_content":false,"_jetpack_memberships_contains_paid_content":false,"footnotes":"","jetpack_publicize_message":"","jetpack_publicize_feature_enabled":true,"jetpack_social_post_already_shared":true,"jetpack_social_options":{"image_generator_settings":{"template":"highway","default_image_id":0,"font":"","enabled":false},"version":2}},"categories":[732,974],"tags":[303],"class_list":["post-22155","post","type-post","status-publish","format-standard","has-post-thumbnail","hentry","category-series","category-telenovela","tag-drama"],"jetpack_publicize_connections":[],"jetpack_featured_media_url":"https:\/\/www.macquero.com\/wp-content\/uploads\/2025\/02\/ty.jpg","jetpack_sharing_enabled":true,"_links":{"self":[{"href":"https:\/\/www.macquero.com\/en\/wp-json\/wp\/v2\/posts\/22155","targetHints":{"allow":["GET"]}}],"collection":[{"href":"https:\/\/www.macquero.com\/en\/wp-json\/wp\/v2\/posts"}],"about":[{"href":"https:\/\/www.macquero.com\/en\/wp-json\/wp\/v2\/types\/post"}],"author":[{"embeddable":true,"href":"https:\/\/www.macquero.com\/en\/wp-json\/wp\/v2\/users\/2"}],"replies":[{"embeddable":true,"href":"https:\/\/www.macquero.com\/en\/wp-json\/wp\/v2\/comments?post=22155"}],"version-history":[{"count":2,"href":"https:\/\/www.macquero.com\/en\/wp-json\/wp\/v2\/posts\/22155\/revisions"}],"predecessor-version":[{"id":22494,"href":"https:\/\/www.macquero.com\/en\/wp-json\/wp\/v2\/posts\/22155\/revisions\/22494"}],"wp:featuredmedia":[{"embeddable":true,"href":"https:\/\/www.macquero.com\/en\/wp-json\/wp\/v2\/media\/22156"}],"wp:attachment":[{"href":"https:\/\/www.macquero.com\/en\/wp-json\/wp\/v2\/media?parent=22155"}],"wp:term":[{"taxonomy":"category","embeddable":true,"href":"https:\/\/www.macquero.com\/en\/wp-json\/wp\/v2\/categories?post=22155"},{"taxonomy":"post_tag","embeddable":true,"href":"https:\/\/www.macquero.com\/en\/wp-json\/wp\/v2\/tags?post=22155"}],"curies":[{"name":"wp","href":"https:\/\/api.w.org\/{rel}","templated":true}]}}