{"id":22149,"date":"2025-02-10T00:20:00","date_gmt":"2025-02-10T06:20:00","guid":{"rendered":"https:\/\/www.macquero.com\/?p=22149"},"modified":"2025-04-23T11:11:17","modified_gmt":"2025-04-23T17:11:17","slug":"los-crimenes-de-are-resena-netflix","status":"publish","type":"post","link":"https:\/\/www.macquero.com\/en\/2025\/02\/los-crimenes-de-are-resena-netflix\/","title":{"rendered":"Los cr\u00edmenes de \u00c5re \u2013 misterio bajo la nieve sueca"},"content":{"rendered":"<p>El pasado <strong>6 de febrero de 2025<\/strong>, Netflix estren\u00f3 <em>Los cr\u00edmenes de \u00c5re<\/em>, una serie sueca de <strong>suspenso y drama policial<\/strong> que ha ganado notoriedad por su <strong>atm\u00f3sfera inquietante y narrativa envolvente<\/strong>.<br>Ambientada en el pintoresco pueblo de monta\u00f1a \u00c5re \u2014conocido por su turismo de esqu\u00ed y paisajes nevados\u2014 la serie ofrece un <strong>thriller n\u00f3rdico<\/strong> que, aunque no reinventa el g\u00e9nero, logra captar la atenci\u00f3n por su ritmo constante y sus personajes bien definidos.<\/p>\n\n\n\n<hr class=\"wp-block-separator has-alpha-channel-opacity\"\/>\n\n\n\n<h3 class=\"wp-block-heading\">Sinopsis: un descanso que se convierte en pesadilla<\/h3>\n\n\n\n<p>La historia sigue a <strong>Hanna<\/strong>, interpretada por <strong>Carla Sehn<\/strong>, una detective de Estocolmo que, tras ser suspendida por una investigaci\u00f3n interna, decide alejarse temporalmente del caos de la ciudad. Elige refugiarse en \u00c5re, un lugar aparentemente tranquilo donde espera recuperar el equilibrio emocional.<\/p>\n\n\n\n<p>Pero su descanso se ve interrumpido cuando <strong>una adolescente local desaparece sin dejar rastro<\/strong>, lo que activa una serie de eventos que pondr\u00e1n a prueba tanto sus habilidades como su estabilidad mental. A pesar de estar fuera de servicio, Hanna se involucra en la b\u00fasqueda, enfrent\u00e1ndose a <strong>una comunidad herm\u00e9tica<\/strong>, secretos enterrados y una verdad mucho m\u00e1s oscura de lo que esperaba.<\/p>\n\n\n\n<hr class=\"wp-block-separator has-alpha-channel-opacity\"\/>\n\n\n\n<h3 class=\"wp-block-heading\">Suspenso n\u00f3rdico bien ejecutado<\/h3>\n\n\n\n<p>Una de las principales virtudes de la serie es su capacidad para <strong>crear una atm\u00f3sfera inquietante<\/strong> desde el primer episodio. El uso de <strong>paisajes nevados<\/strong>, <strong>silencios prolongados<\/strong> y una paleta de colores fr\u00edos contribuye a reforzar la sensaci\u00f3n de aislamiento y peligro latente.<\/p>\n\n\n\n<p><em>Los cr\u00edmenes de \u00c5re<\/em> no busca sorprender con acci\u00f3n desenfrenada, sino que opta por un <strong>ritmo m\u00e1s pausado y cerebral<\/strong>, en el que cada revelaci\u00f3n tiene peso y cada decisi\u00f3n de los personajes importa.<\/p>\n\n\n\n<hr class=\"wp-block-separator has-alpha-channel-opacity\"\/>\n\n\n\n<h3 class=\"wp-block-heading\">Interpretaci\u00f3n y direcci\u00f3n<\/h3>\n\n\n\n<p><strong>Carla Sehn<\/strong> logra una interpretaci\u00f3n s\u00f3lida como una detective marcada por su pasado y por sus propios dilemas \u00e9ticos.<br>Su personaje, aunque no del todo original dentro del canon del \u201cdetective con traumas\u201d, aporta una <strong>presencia fuerte y matices emocionales<\/strong> que elevan la historia.<\/p>\n\n\n\n<p>La direcci\u00f3n apuesta por <strong>la sutileza<\/strong>: nada es completamente expl\u00edcito, y muchas veces el mayor terror proviene de lo que no se dice. Los personajes secundarios tambi\u00e9n tienen momentos relevantes, aportando profundidad al misterio.<\/p>\n\n\n\n<hr class=\"wp-block-separator has-alpha-channel-opacity\"\/>\n\n\n\n<h3 class=\"wp-block-heading\">\u00bfVale la pena verla?<\/h3>\n\n\n\n<p>Si eres fan del <strong>suspenso escandinavo<\/strong> o de series como <em>The Valhalla Murders<\/em> o <em>Marcella<\/em>, probablemente disfrutar\u00e1s esta producci\u00f3n.<br>Eso s\u00ed, es importante advertir que <strong>no es una serie para quienes buscan respuestas r\u00e1pidas o tramas de ritmo vertiginoso<\/strong>. Aqu\u00ed, el viaje es tan importante como el destino.<\/p>\n\n\n\n<p><em>Los cr\u00edmenes de \u00c5re<\/em> entrega un relato que, aunque no rompe moldes, <strong>cumple con su prop\u00f3sito: mantenerte intrigado y con la mirada fija en la pantalla hasta el \u00faltimo episodio<\/strong>.<\/p>\n\n\n\n<hr class=\"wp-block-separator has-alpha-channel-opacity\"\/>\n\n\n\n<p><strong>Calificaci\u00f3n:<\/strong> &#x2b50;&#x2b50;&#x2b50; (3 de 5)<br><strong>Disponible en:<\/strong> Netflix<\/p>","protected":false},"excerpt":{"rendered":"<p>Los cr\u00edmenes de \u00c5re es una serie sueca de suspenso estrenada en Netflix. Paisajes nevados, secretos ocultos y una detective en busca de redenci\u00f3n.<\/p>","protected":false},"author":2,"featured_media":22150,"comment_status":"closed","ping_status":"closed","sticky":false,"template":"","format":"standard","meta":{"jetpack_post_was_ever_published":false,"_jetpack_newsletter_access":"","_jetpack_dont_email_post_to_subs":false,"_jetpack_newsletter_tier_id":0,"_jetpack_memberships_contains_paywalled_content":false,"_jetpack_memberships_contains_paid_content":false,"footnotes":"","jetpack_publicize_message":"","jetpack_publicize_feature_enabled":true,"jetpack_social_post_already_shared":true,"jetpack_social_options":{"image_generator_settings":{"template":"highway","default_image_id":0,"font":"","enabled":false},"version":2}},"categories":[732],"tags":[303,791,432],"class_list":["post-22149","post","type-post","status-publish","format-standard","has-post-thumbnail","hentry","category-series","tag-drama","tag-intriga","tag-suspenso"],"jetpack_publicize_connections":[],"jetpack_featured_media_url":"https:\/\/www.macquero.com\/wp-content\/uploads\/2025\/02\/es.jpg","jetpack_sharing_enabled":true,"_links":{"self":[{"href":"https:\/\/www.macquero.com\/en\/wp-json\/wp\/v2\/posts\/22149","targetHints":{"allow":["GET"]}}],"collection":[{"href":"https:\/\/www.macquero.com\/en\/wp-json\/wp\/v2\/posts"}],"about":[{"href":"https:\/\/www.macquero.com\/en\/wp-json\/wp\/v2\/types\/post"}],"author":[{"embeddable":true,"href":"https:\/\/www.macquero.com\/en\/wp-json\/wp\/v2\/users\/2"}],"replies":[{"embeddable":true,"href":"https:\/\/www.macquero.com\/en\/wp-json\/wp\/v2\/comments?post=22149"}],"version-history":[{"count":3,"href":"https:\/\/www.macquero.com\/en\/wp-json\/wp\/v2\/posts\/22149\/revisions"}],"predecessor-version":[{"id":22496,"href":"https:\/\/www.macquero.com\/en\/wp-json\/wp\/v2\/posts\/22149\/revisions\/22496"}],"wp:featuredmedia":[{"embeddable":true,"href":"https:\/\/www.macquero.com\/en\/wp-json\/wp\/v2\/media\/22150"}],"wp:attachment":[{"href":"https:\/\/www.macquero.com\/en\/wp-json\/wp\/v2\/media?parent=22149"}],"wp:term":[{"taxonomy":"category","embeddable":true,"href":"https:\/\/www.macquero.com\/en\/wp-json\/wp\/v2\/categories?post=22149"},{"taxonomy":"post_tag","embeddable":true,"href":"https:\/\/www.macquero.com\/en\/wp-json\/wp\/v2\/tags?post=22149"}],"curies":[{"name":"wp","href":"https:\/\/api.w.org\/{rel}","templated":true}]}}