{"id":22140,"date":"2025-02-07T05:57:48","date_gmt":"2025-02-07T11:57:48","guid":{"rendered":"https:\/\/www.macquero.com\/?p=22140"},"modified":"2025-04-24T11:07:50","modified_gmt":"2025-04-24T17:07:50","slug":"celda-211-serie-mexicana-netflix","status":"publish","type":"post","link":"https:\/\/www.macquero.com\/en\/2025\/02\/celda-211-serie-mexicana-netflix\/","title":{"rendered":"Celda 211 \u2013 Una mirada cruda al sistema penitenciario mexicano"},"content":{"rendered":"<p>El pasado <strong>5 de febrero de 2025<\/strong>, Netflix estren\u00f3 <em>Celda 211<\/em>, una serie mexicana de <strong>suspenso y drama carcelario<\/strong> que ha llamado la atenci\u00f3n por su realismo, su intensidad narrativa y el trasfondo social que la sustenta. Inspirada en hechos reales, esta producci\u00f3n ofrece una mirada brutal al sistema penitenciario en M\u00e9xico, particularmente en un contexto de violencia, impunidad y corrupci\u00f3n.<\/p>\n\n\n\n<hr class=\"wp-block-separator has-alpha-channel-opacity\"\/>\n\n\n\n<h3 class=\"wp-block-heading\">Trama: sobrevivir dentro es otra historia<\/h3>\n\n\n\n<p>La historia sigue a <strong>Juan Olvera<\/strong> (interpretado por <strong>Diego Calva<\/strong>), un abogado de derechos humanos que acude al <strong>Cereso No. 38 de Ciudad Ju\u00e1rez<\/strong> para realizar una visita rutinaria. Sin embargo, al llegar, se desata un <strong>mot\u00edn violento<\/strong> dentro del penal.<br>Atrapado en medio del caos, Juan se ve obligado a <strong>hacerse pasar por un recluso<\/strong> para sobrevivir. A medida que intenta mantener su fachada, comienza a enfrentarse a <strong>la crudeza del entorno<\/strong>, al tiempo que descubre verdades inc\u00f3modas sobre el sistema judicial y penitenciario mexicano.<\/p>\n\n\n\n<p>A lo largo de seis episodios, la serie retrata de forma directa las jerarqu\u00edas internas en la prisi\u00f3n, los pactos entre autoridades y criminales, y la <strong>lucha silenciosa de los derechos humanos en un sistema colapsado<\/strong>.<\/p>\n\n\n\n<hr class=\"wp-block-separator has-alpha-channel-opacity\"\/>\n\n\n\n<h3 class=\"wp-block-heading\">Producci\u00f3n y formato<\/h3>\n\n\n\n<ul class=\"wp-block-list\">\n<li><strong>N\u00famero de episodios:<\/strong> 6<\/li>\n\n\n\n<li><strong>Duraci\u00f3n promedio:<\/strong> Entre 33 y 45 minutos por episodio<\/li>\n\n\n\n<li><strong>Protagonista:<\/strong> Diego Calva<\/li>\n\n\n\n<li><strong>Ambientaci\u00f3n:<\/strong> Cereso No. 38, Ciudad Ju\u00e1rez<\/li>\n\n\n\n<li><strong>G\u00e9nero:<\/strong> Drama, suspenso, cr\u00edtica social<\/li>\n<\/ul>\n\n\n\n<p>La serie logra construir una atm\u00f3sfera <strong>intensa, sofocante y muy realista<\/strong>, utilizando recursos de producci\u00f3n que priorizan el realismo por encima del espect\u00e1culo. No hay estilizaci\u00f3n en la violencia: es cruda, directa, y por momentos inc\u00f3moda.<\/p>\n\n\n\n<hr class=\"wp-block-separator has-alpha-channel-opacity\"\/>\n\n\n\n<h3 class=\"wp-block-heading\">\u00bfVale la pena verla?<\/h3>\n\n\n\n<p>En cuanto a calidad narrativa y actuaci\u00f3n, <em>Celda 211<\/em> <strong>cumple con creces<\/strong>. Diego Calva ofrece una interpretaci\u00f3n s\u00f3lida, equilibrando la vulnerabilidad con la inteligencia de su personaje.<br>Sin embargo, es importante advertir que <strong>no es una serie ligera<\/strong>. Su tono, sus escenas y su carga emocional requieren cierto <strong>estado de \u00e1nimo<\/strong> para verla con atenci\u00f3n.<\/p>\n\n\n\n<p>Si buscas una historia realista, con fondo social, que expone las entra\u00f1as de un sistema penitenciario colapsado, esta serie puede resultarte profundamente interesante. Pero si est\u00e1s en busca de algo m\u00e1s entretenido o ligero, probablemente no sea el momento adecuado.<\/p>\n\n\n\n<hr class=\"wp-block-separator has-alpha-channel-opacity\"\/>\n\n\n\n<h3 class=\"wp-block-heading\">Conclusi\u00f3n<\/h3>\n\n\n\n<p><em>Celda 211<\/em> es una serie que <strong>conmueve e incomoda<\/strong>. No se basa en la acci\u00f3n gratuita ni en la espectacularizaci\u00f3n del crimen, sino en el <strong>retrato humano del encierro, la injusticia y la lucha por sobrevivir dentro de un sistema corrupto<\/strong>.<\/p>\n\n\n\n<p>Aunque personalmente no la continu\u00e9, no fue por falta de calidad. Simplemente, es de esas historias que <strong>merecen verse con la mente y las emociones en sinton\u00eda con lo que propone<\/strong>.<\/p>\n\n\n\n<hr class=\"wp-block-separator has-alpha-channel-opacity\"\/>\n\n\n\n<p><strong>Calificaci\u00f3n:<\/strong> &#x2b50;&#x2b50;&#x2b50; (3 de 5)<br><strong>Disponible en:<\/strong> Netflix<\/p>\n\n\n\n<p><\/p>","protected":false},"excerpt":{"rendered":"<p>Celda 211 es una serie mexicana de drama carcelario basada en hechos reales. Suspenso, cr\u00edtica social y supervivencia en una prisi\u00f3n de Ciudad Ju\u00e1rez.<\/p>","protected":false},"author":2,"featured_media":22141,"comment_status":"closed","ping_status":"closed","sticky":false,"template":"","format":"standard","meta":{"jetpack_post_was_ever_published":false,"_jetpack_newsletter_access":"","_jetpack_dont_email_post_to_subs":false,"_jetpack_newsletter_tier_id":0,"_jetpack_memberships_contains_paywalled_content":false,"_jetpack_memberships_contains_paid_content":false,"footnotes":"","jetpack_publicize_message":"","jetpack_publicize_feature_enabled":true,"jetpack_social_post_already_shared":true,"jetpack_social_options":{"image_generator_settings":{"template":"highway","default_image_id":0,"font":"","enabled":false},"version":2}},"categories":[732,974],"tags":[1391,303],"class_list":["post-22140","post","type-post","status-publish","format-standard","has-post-thumbnail","hentry","category-series","category-telenovela","tag-basado-en-hechos-reales","tag-drama"],"jetpack_publicize_connections":[],"jetpack_featured_media_url":"https:\/\/www.macquero.com\/wp-content\/uploads\/2025\/02\/ld.jpg","jetpack_sharing_enabled":true,"_links":{"self":[{"href":"https:\/\/www.macquero.com\/en\/wp-json\/wp\/v2\/posts\/22140","targetHints":{"allow":["GET"]}}],"collection":[{"href":"https:\/\/www.macquero.com\/en\/wp-json\/wp\/v2\/posts"}],"about":[{"href":"https:\/\/www.macquero.com\/en\/wp-json\/wp\/v2\/types\/post"}],"author":[{"embeddable":true,"href":"https:\/\/www.macquero.com\/en\/wp-json\/wp\/v2\/users\/2"}],"replies":[{"embeddable":true,"href":"https:\/\/www.macquero.com\/en\/wp-json\/wp\/v2\/comments?post=22140"}],"version-history":[{"count":2,"href":"https:\/\/www.macquero.com\/en\/wp-json\/wp\/v2\/posts\/22140\/revisions"}],"predecessor-version":[{"id":22502,"href":"https:\/\/www.macquero.com\/en\/wp-json\/wp\/v2\/posts\/22140\/revisions\/22502"}],"wp:featuredmedia":[{"embeddable":true,"href":"https:\/\/www.macquero.com\/en\/wp-json\/wp\/v2\/media\/22141"}],"wp:attachment":[{"href":"https:\/\/www.macquero.com\/en\/wp-json\/wp\/v2\/media?parent=22140"}],"wp:term":[{"taxonomy":"category","embeddable":true,"href":"https:\/\/www.macquero.com\/en\/wp-json\/wp\/v2\/categories?post=22140"},{"taxonomy":"post_tag","embeddable":true,"href":"https:\/\/www.macquero.com\/en\/wp-json\/wp\/v2\/tags?post=22140"}],"curies":[{"name":"wp","href":"https:\/\/api.w.org\/{rel}","templated":true}]}}