{"id":22121,"date":"2025-02-02T00:20:00","date_gmt":"2025-02-02T06:20:00","guid":{"rendered":"https:\/\/www.macquero.com\/?p=22121"},"modified":"2025-04-24T11:14:49","modified_gmt":"2025-04-24T17:14:49","slug":"cobra-kai-temporada-6-parte-3-final-trailer","status":"publish","type":"post","link":"https:\/\/www.macquero.com\/en\/2025\/02\/cobra-kai-temporada-6-parte-3-final-trailer\/","title":{"rendered":"Cobra Kai Temporada 6 Parte 3 \u2013 Tr\u00e1iler final, nostalgia y combates decisivos"},"content":{"rendered":"<p>Apenas hace un par de d\u00edas se lanz\u00f3 el tr\u00e1iler oficial de la <strong>parte final de Cobra Kai<\/strong>. La sexta temporada llegar\u00e1 a su cierre definitivo con los \u00faltimos episodios que prometen <strong>acci\u00f3n, redenci\u00f3n, nostalgia ochentera y un homenaje digno<\/strong> a una de las franquicias m\u00e1s queridas por los fan\u00e1ticos del karate cinematogr\u00e1fico.<\/p>\n\n\n\n<p>Este adelanto no solo genera emoci\u00f3n, tambi\u00e9n deja ver que los creadores tienen muy claro lo que significa cerrar una historia tan ic\u00f3nica como la de <em>Cobra Kai<\/em>.<\/p>\n\n\n\n<hr class=\"wp-block-separator has-alpha-channel-opacity\"\/>\n\n\n\n<h3 class=\"wp-block-heading\">\u00bfQu\u00e9 muestra el tr\u00e1iler?<\/h3>\n\n\n\n<p>El tr\u00e1iler comienza con un tono \u00e9pico y emotivo. Vemos a los personajes principales prepar\u00e1ndose para <strong>el desenlace de sus conflictos personales y combates clave<\/strong>, todo mientras se mantiene el esp\u00edritu de competencia, superaci\u00f3n y lealtad que ha caracterizado a la serie desde el inicio.<\/p>\n\n\n\n<p>Uno de los puntos m\u00e1s esperados es el <strong>torneo internacional Sekai Taikai<\/strong>, que se celebra en <strong>Barcelona<\/strong>. El tr\u00e1iler confirma que los enfrentamientos m\u00e1s intensos est\u00e1n por llegar, con combates a\u00fan pendientes entre:<\/p>\n\n\n\n<ul class=\"wp-block-list\">\n<li><strong>Samantha LaRusso<\/strong> y <strong>Tory Nichols<\/strong>, quienes han tenido una de las rivalidades m\u00e1s complejas de la serie.<\/li>\n\n\n\n<li><strong>Robby Keene<\/strong> y <strong>Alex Kovacevic<\/strong>, un nuevo antagonista que representa el reto final para los estudiantes del dojo.<\/li>\n<\/ul>\n\n\n\n<p>La calidad de la producci\u00f3n se nota, con tomas cinematogr\u00e1ficas, iluminaci\u00f3n cuidada y coreograf\u00edas que superan lo mostrado en temporadas anteriores. Todo indica que se han guardado lo mejor para el final.<\/p>\n\n\n\n<hr class=\"wp-block-separator has-alpha-channel-opacity\"\/>\n\n\n\n<h3 class=\"wp-block-heading\">John Kreese regresa<\/h3>\n\n\n\n<p>El avance tambi\u00e9n nos recuerda el regreso de <strong>John Kreese<\/strong>, quien tras fingir su muerte y escapar de prisi\u00f3n, <strong>se ha convertido en una amenaza impredecible<\/strong>. Su presencia fuera del territorio estadounidense (posiblemente en Europa) a\u00f1ade tensi\u00f3n extra a los episodios restantes. Su influencia en los estudiantes, y su posible participaci\u00f3n directa en el torneo, se mantienen como inc\u00f3gnitas abiertas.<\/p>\n\n\n\n<p>Kreese siempre ha sido una figura clave para entender el conflicto moral de la serie, y su reaparici\u00f3n promete <strong>retomar los dilemas de poder, venganza y legado<\/strong>.<\/p>\n\n\n\n<hr class=\"wp-block-separator has-alpha-channel-opacity\"\/>\n\n\n\n<h3 class=\"wp-block-heading\">Un homenaje a los 80<\/h3>\n\n\n\n<p>Uno de los aspectos que m\u00e1s ha entusiasmado a los fans es el <strong>homenaje expl\u00edcito al cine de los a\u00f1os 80<\/strong>. El tr\u00e1iler muestra gui\u00f1os visuales, secuencias que evocan cl\u00e1sicos del cine de acci\u00f3n y una <strong>banda sonora con toques retro<\/strong> que refuerzan ese cierre nost\u00e1lgico que muchos esperaban.<\/p>\n\n\n\n<p>Desde la fotograf\u00eda hasta los di\u00e1logos, todo parece apuntar a un final que no solo cierra arcos narrativos, sino que <strong>honra la historia original de Karate Kid<\/strong> con estilo y respeto.<\/p>\n\n\n\n<hr class=\"wp-block-separator has-alpha-channel-opacity\"\/>\n\n\n\n<h3 class=\"wp-block-heading\">\u00bfQu\u00e9 podemos esperar?<\/h3>\n\n\n\n<ul class=\"wp-block-list\">\n<li>Resoluci\u00f3n de rivalidades clave<\/li>\n\n\n\n<li>Combates de alto nivel t\u00e9cnico<\/li>\n\n\n\n<li>Un cierre emocional para los personajes principales<\/li>\n\n\n\n<li>Posible redenci\u00f3n para figuras como Johnny Lawrence y Robby<\/li>\n\n\n\n<li>Momentos emotivos entre los viejos y nuevos personajes<\/li>\n<\/ul>\n\n\n\n<hr class=\"wp-block-separator has-alpha-channel-opacity\"\/>\n\n\n\n<h3 class=\"wp-block-heading\">Conclusi\u00f3n<\/h3>\n\n\n\n<p>El tr\u00e1iler de la <strong>parte final de Cobra Kai Temporada 6<\/strong> cumple con todo lo que los fans quer\u00edan ver: intensidad, nostalgia, acci\u00f3n y emoci\u00f3n. Si el resto de la temporada mantiene el nivel que se anticipa en este avance, podr\u00edamos estar ante uno de los <strong>cierres m\u00e1s satisfactorios del universo televisivo actual<\/strong>.<\/p>\n\n\n\n<hr class=\"wp-block-separator has-alpha-channel-opacity\"\/>\n\n\n\n<p><strong>Calificaci\u00f3n del tr\u00e1iler:<\/strong> &#x2b50;&#x2b50;&#x2b50;&#x2b50;&#x2b50;<br><strong>Plataforma:<\/strong> Netflix<br><strong>Estreno final:<\/strong> por confirmar (en 2025)<\/p>\n\n\n\n<p><a href=\"https:\/\/www.infobae.com\/entretenimiento\/2024\/12\/01\/cobra-kai-ralph-macchio-adelanto-como-sera-el-final-de-la-exitosa-serie-de-netflix\/?utm_source=chatgpt.com\" target=\"_blank\" rel=\"noreferrer noopener\"><\/a><\/p>","protected":false},"excerpt":{"rendered":"<p>Cobra Kai lanza el tr\u00e1iler final de su sexta temporada: combates en Barcelona, el regreso de John Kreese y un emotivo homenaje al cine de los 80. Mira qu\u00e9 esperar.<\/p>","protected":false},"author":2,"featured_media":22122,"comment_status":"closed","ping_status":"closed","sticky":false,"template":"","format":"standard","meta":{"jetpack_post_was_ever_published":false,"_jetpack_newsletter_access":"","_jetpack_dont_email_post_to_subs":false,"_jetpack_newsletter_tier_id":0,"_jetpack_memberships_contains_paywalled_content":false,"_jetpack_memberships_contains_paid_content":false,"footnotes":"","jetpack_publicize_message":"","jetpack_publicize_feature_enabled":true,"jetpack_social_post_already_shared":true,"jetpack_social_options":{"image_generator_settings":{"template":"highway","default_image_id":0,"font":"","enabled":false},"version":2}},"categories":[732],"tags":[682,779,1389],"class_list":["post-22121","post","type-post","status-publish","format-standard","has-post-thumbnail","hentry","category-series","tag-accion-y-aventura","tag-emocionante","tag-trailer-publicitario-2"],"jetpack_publicize_connections":[],"jetpack_featured_media_url":"https:\/\/www.macquero.com\/wp-content\/uploads\/2025\/01\/ak.jpg","jetpack_sharing_enabled":true,"_links":{"self":[{"href":"https:\/\/www.macquero.com\/en\/wp-json\/wp\/v2\/posts\/22121","targetHints":{"allow":["GET"]}}],"collection":[{"href":"https:\/\/www.macquero.com\/en\/wp-json\/wp\/v2\/posts"}],"about":[{"href":"https:\/\/www.macquero.com\/en\/wp-json\/wp\/v2\/types\/post"}],"author":[{"embeddable":true,"href":"https:\/\/www.macquero.com\/en\/wp-json\/wp\/v2\/users\/2"}],"replies":[{"embeddable":true,"href":"https:\/\/www.macquero.com\/en\/wp-json\/wp\/v2\/comments?post=22121"}],"version-history":[{"count":2,"href":"https:\/\/www.macquero.com\/en\/wp-json\/wp\/v2\/posts\/22121\/revisions"}],"predecessor-version":[{"id":22507,"href":"https:\/\/www.macquero.com\/en\/wp-json\/wp\/v2\/posts\/22121\/revisions\/22507"}],"wp:featuredmedia":[{"embeddable":true,"href":"https:\/\/www.macquero.com\/en\/wp-json\/wp\/v2\/media\/22122"}],"wp:attachment":[{"href":"https:\/\/www.macquero.com\/en\/wp-json\/wp\/v2\/media?parent=22121"}],"wp:term":[{"taxonomy":"category","embeddable":true,"href":"https:\/\/www.macquero.com\/en\/wp-json\/wp\/v2\/categories?post=22121"},{"taxonomy":"post_tag","embeddable":true,"href":"https:\/\/www.macquero.com\/en\/wp-json\/wp\/v2\/tags?post=22121"}],"curies":[{"name":"wp","href":"https:\/\/api.w.org\/{rel}","templated":true}]}}