{"id":22106,"date":"2025-01-29T00:20:00","date_gmt":"2025-01-29T06:20:00","guid":{"rendered":"https:\/\/www.macquero.com\/?p=22106"},"modified":"2025-04-24T11:23:14","modified_gmt":"2025-04-24T17:23:14","slug":"desde-mi-cielo-the-lovely-bones","status":"publish","type":"post","link":"https:\/\/www.macquero.com\/en\/2025\/01\/desde-mi-cielo-the-lovely-bones\/","title":{"rendered":"Desde mi cielo \u2013 Una historia sobre el duelo, la esperanza y lo que dejamos atr\u00e1s"},"content":{"rendered":"<p><em>Desde mi cielo<\/em> (<em>The Lovely Bones<\/em>) es una pel\u00edcula que toca fibras profundas. Dirigida por <strong>Peter Jackson<\/strong> y basada en la novela hom\u00f3nima de <strong>Alice Sebold<\/strong>, esta producci\u00f3n de 2009 se adentra en los terrenos del drama, el suspenso y lo sobrenatural, para ofrecernos una historia sobre la p\u00e9rdida, el duelo y la esperanza de un m\u00e1s all\u00e1 lleno de paz.<\/p>\n\n\n\n<hr class=\"wp-block-separator has-alpha-channel-opacity\"\/>\n\n\n\n<h3 class=\"wp-block-heading\"><strong>&#x1f32b;&#xfe0f; Sinopsis<\/strong><\/h3>\n\n\n\n<p>La protagonista es <strong>Susie Salmon<\/strong> (interpretada por <strong>Saoirse Ronan<\/strong>), una adolescente de 14 a\u00f1os cuya vida se ve truncada de forma tr\u00e1gica al ser asesinada por su vecino, <strong>George Harvey<\/strong> (Stanley Tucci). Pero su historia no termina ah\u00ed. Desde una especie de limbo \u2014entre la Tierra y el m\u00e1s all\u00e1\u2014 Susie observa c\u00f3mo su familia enfrenta su ausencia, c\u00f3mo su asesino evade la justicia y c\u00f3mo todo a su alrededor se transforma tras su partida.<\/p>\n\n\n\n<p>Mientras lucha por aceptar su destino, Susie tambi\u00e9n siente la necesidad de proteger a quienes dej\u00f3 atr\u00e1s. Su proceso de transici\u00f3n se convierte en un viaje emocional donde la tristeza, la rabia, el amor y la aceptaci\u00f3n se entrelazan.<\/p>\n\n\n\n<hr class=\"wp-block-separator has-alpha-channel-opacity\"\/>\n\n\n\n<h3 class=\"wp-block-heading\"><strong>&#x1f3ad; Reparto principal<\/strong><\/h3>\n\n\n\n<ul class=\"wp-block-list\">\n<li><strong>Saoirse Ronan<\/strong> como Susie Salmon<\/li>\n\n\n\n<li><strong>Stanley Tucci<\/strong> como George Harvey (nominado al \u00d3scar por este papel)<\/li>\n\n\n\n<li><strong>Mark Wahlberg<\/strong> como Jack Salmon<\/li>\n\n\n\n<li><strong>Rachel Weisz<\/strong> como Abigail Salmon<\/li>\n\n\n\n<li><strong>Susan Sarandon<\/strong> como la abuela Lynn<\/li>\n<\/ul>\n\n\n\n<hr class=\"wp-block-separator has-alpha-channel-opacity\"\/>\n\n\n\n<h3 class=\"wp-block-heading\"><strong>&#x1f494; Reflexi\u00f3n personal<\/strong><\/h3>\n\n\n\n<p>Ver <em>Desde mi cielo<\/em> es como abrir una carta escrita desde el coraz\u00f3n de alguien que ya no est\u00e1. El dolor de quienes se quedan es inmenso, s\u00ed, pero la pel\u00edcula tambi\u00e9n explora esa pregunta universal: <em>\u00bfqu\u00e9 pasa despu\u00e9s de la muerte?<\/em><\/p>\n\n\n\n<p>M\u00e1s all\u00e1 del crimen que desencadena la historia, el enfoque recae en los sentimientos no resueltos, los v\u00ednculos que trascienden la vida y la b\u00fasqueda de sentido en medio del sufrimiento. Hay belleza en lo tr\u00e1gico, y hay consuelo en imaginar que existe un lugar donde el dolor no nos alcanza.<\/p>\n\n\n\n<p>En lo personal, esta pel\u00edcula me toc\u00f3 profundamente. Porque el vac\u00edo de una p\u00e9rdida real es algo que, una vez vivido, nunca se olvida. Pero tambi\u00e9n me record\u00f3 que <em>recordar<\/em> es una forma de mantener viva a la persona que se fue.<\/p>\n\n\n\n<hr class=\"wp-block-separator has-alpha-channel-opacity\"\/>\n\n\n\n<h3 class=\"wp-block-heading\"><strong>&#x1f9ed; Temas centrales<\/strong><\/h3>\n\n\n\n<ul class=\"wp-block-list\">\n<li><strong>El duelo<\/strong>: Cada miembro de la familia lidia con la muerte de Susie a su manera.<\/li>\n\n\n\n<li><strong>La justicia y la impotencia<\/strong>: La historia tensiona el deseo de venganza con la necesidad de seguir adelante.<\/li>\n\n\n\n<li><strong>La aceptaci\u00f3n<\/strong>: Susie debe dejar ir para poder trascender, en un proceso doloroso pero necesario.<\/li>\n\n\n\n<li><strong>El m\u00e1s all\u00e1<\/strong>: Representado como un mundo on\u00edrico, visualmente impactante, lleno de simbolismo emocional.<\/li>\n<\/ul>\n\n\n\n<hr class=\"wp-block-separator has-alpha-channel-opacity\"\/>\n\n\n\n<h3 class=\"wp-block-heading\"><strong>&#x1f4dd; Cr\u00edtica y recepci\u00f3n<\/strong><\/h3>\n\n\n\n<p>La pel\u00edcula recibi\u00f3 cr\u00edticas mixtas. Fue ampliamente elogiada por sus efectos visuales, en especial las secuencias del limbo, y por las actuaciones de Ronan y Tucci. Sin embargo, algunos cr\u00edticos se\u00f1alaron que el tono fluctuante \u2014entre el drama familiar y la fantas\u00eda\u2014 rest\u00f3 fuerza a la narrativa.<\/p>\n\n\n\n<p>A pesar de ello, <em>Desde mi cielo<\/em> se ha mantenido como una obra conmovedora que ha logrado conectar con muchas personas por su enfoque humanista sobre la p\u00e9rdida, el amor y la espiritualidad.<\/p>\n\n\n\n<hr class=\"wp-block-separator has-alpha-channel-opacity\"\/>\n\n\n\n<h3 class=\"wp-block-heading\"><strong>&#x1f3ac; Conclusi\u00f3n<\/strong><\/h3>\n\n\n\n<p><em>Desde mi cielo<\/em> no es una pel\u00edcula f\u00e1cil, pero s\u00ed necesaria. Es una historia sobre lo que dejamos cuando partimos, sobre las cicatrices invisibles que quedan en quienes nos aman, y sobre la posibilidad de hallar paz incluso en medio del dolor. Una experiencia emocional que invita a reflexionar y, tal vez, a sanar un poco.<\/p>\n\n\n\n<hr class=\"wp-block-separator has-alpha-channel-opacity\"\/>\n\n\n\n<p><strong>Calificaci\u00f3n:<\/strong> &#x2b50;&#x2b50;&#x2b50;&#x2b50;&#x2b50;<\/p>\n\n\n\n<p><strong>Disponible en:<\/strong> Plataformas de renta o streaming seg\u00fan regi\u00f3n.<\/p>","protected":false},"excerpt":{"rendered":"<p>Desde mi cielo (The Lovely Bones) es una pel\u00edcula conmovedora sobre el duelo, la esperanza y el m\u00e1s all\u00e1. Con actuaciones destacadas, ofrece una mirada profunda al dolor y la redenci\u00f3n.<\/p>","protected":false},"author":2,"featured_media":22108,"comment_status":"closed","ping_status":"closed","sticky":false,"template":"","format":"standard","meta":{"jetpack_post_was_ever_published":false,"_jetpack_newsletter_access":"","_jetpack_dont_email_post_to_subs":false,"_jetpack_newsletter_tier_id":0,"_jetpack_memberships_contains_paywalled_content":false,"_jetpack_memberships_contains_paid_content":false,"footnotes":"","jetpack_publicize_message":"","jetpack_publicize_feature_enabled":true,"jetpack_social_post_already_shared":true,"jetpack_social_options":{"image_generator_settings":{"template":"highway","default_image_id":0,"font":"","enabled":false},"version":2}},"categories":[766,1101],"tags":[1072,303,1387],"class_list":["post-22106","post","type-post","status-publish","format-standard","has-post-thumbnail","hentry","category-cine-netflix","category-recomendado","tag-crimen","tag-drama","tag-sobrenatural"],"jetpack_publicize_connections":[],"jetpack_featured_media_url":"https:\/\/www.macquero.com\/wp-content\/uploads\/2025\/01\/mi.jpg","jetpack_sharing_enabled":true,"_links":{"self":[{"href":"https:\/\/www.macquero.com\/en\/wp-json\/wp\/v2\/posts\/22106","targetHints":{"allow":["GET"]}}],"collection":[{"href":"https:\/\/www.macquero.com\/en\/wp-json\/wp\/v2\/posts"}],"about":[{"href":"https:\/\/www.macquero.com\/en\/wp-json\/wp\/v2\/types\/post"}],"author":[{"embeddable":true,"href":"https:\/\/www.macquero.com\/en\/wp-json\/wp\/v2\/users\/2"}],"replies":[{"embeddable":true,"href":"https:\/\/www.macquero.com\/en\/wp-json\/wp\/v2\/comments?post=22106"}],"version-history":[{"count":3,"href":"https:\/\/www.macquero.com\/en\/wp-json\/wp\/v2\/posts\/22106\/revisions"}],"predecessor-version":[{"id":22514,"href":"https:\/\/www.macquero.com\/en\/wp-json\/wp\/v2\/posts\/22106\/revisions\/22514"}],"wp:featuredmedia":[{"embeddable":true,"href":"https:\/\/www.macquero.com\/en\/wp-json\/wp\/v2\/media\/22108"}],"wp:attachment":[{"href":"https:\/\/www.macquero.com\/en\/wp-json\/wp\/v2\/media?parent=22106"}],"wp:term":[{"taxonomy":"category","embeddable":true,"href":"https:\/\/www.macquero.com\/en\/wp-json\/wp\/v2\/categories?post=22106"},{"taxonomy":"post_tag","embeddable":true,"href":"https:\/\/www.macquero.com\/en\/wp-json\/wp\/v2\/tags?post=22106"}],"curies":[{"name":"wp","href":"https:\/\/api.w.org\/{rel}","templated":true}]}}