{"id":22084,"date":"2025-01-20T09:41:06","date_gmt":"2025-01-20T15:41:06","guid":{"rendered":"https:\/\/www.macquero.com\/?p=22084"},"modified":"2025-01-20T09:41:10","modified_gmt":"2025-01-20T15:41:10","slug":"de-vuelta-a-la-accion","status":"publish","type":"post","link":"https:\/\/www.macquero.com\/en\/2025\/01\/de-vuelta-a-la-accion\/","title":{"rendered":"De vuelta a la acci\u00f3n."},"content":{"rendered":"<p>Puntuaci\u00f3n: &#x2b50;&#x2b50;&#x2b50;&#x2b50;&#x2b50;<\/p>\n\n\n\n<p>&#8220;De vuelta a la acci\u00f3n&#8221; es una comedia de acci\u00f3n estrenada en Netflix hace unos d\u00edas atr\u00e1s. <\/p>\n\n\n\n<p>La pel\u00edcula marca el regreso de Cameron Diaz al cine despu\u00e9s de una pausa de 11 a\u00f1os, durante la cual se dedic\u00f3 a su familia y maternidad.<\/p>\n\n\n\n<p>La trama sigue a Matt (<strong>Jamie Foxx<\/strong>) y Emily (<a href=\"https:\/\/www.instagram.com\/camerondiaz\/\" data-type=\"link\" data-id=\"https:\/\/www.instagram.com\/camerondiaz\/\" target=\"_blank\" rel=\"noreferrer noopener\">Cameron Diaz<\/a>), dos ex esp\u00edas de \u00e9lite que, tras 15 a\u00f1os de haber dejado la CIA para formar una familia, se ven obligados a regresar al mundo del espionaje cuando sus identidades son reveladas. El elenco tambi\u00e9n incluye a Glenn Close, Kyle Chandler y Andrew Scott.<\/p>\n\n\n\n<blockquote class=\"wp-block-quote is-layout-flow wp-block-quote-is-layout-flow\">\n<p>Tuve la oportunidad de ver esta pel\u00edcula en su estreno y, para ser sincero, no ten\u00eda grandes expectativas. <\/p>\n\n\n\n<p>Sin embargo, <strong>me sorprendi\u00f3 gratamente.<\/strong> La producci\u00f3n combina de manera magistral numerosas escenas de acci\u00f3n con un toque de humor perfectamente integrado, lo que enriquece la experiencia y la hace verdaderamente entretenida.<\/p>\n<\/blockquote>","protected":false},"excerpt":{"rendered":"<p>Puntuaci\u00f3n: &#x2b50;&#x2b50;&#x2b50;&#x2b50;&#x2b50; &#8220;De vuelta a la acci\u00f3n&#8221; es una comedia de acci\u00f3n estrenada en Netflix hace unos d\u00edas atr\u00e1s. La pel\u00edcula marca el regreso de Cameron Diaz al cine despu\u00e9s de una pausa de 11 a\u00f1os, durante la cual se dedic\u00f3 a su familia y maternidad. La trama sigue a Matt (Jamie Foxx) y Emily &hellip;<\/p>","protected":false},"author":2,"featured_media":22085,"comment_status":"closed","ping_status":"closed","sticky":false,"template":"","format":"standard","meta":{"jetpack_post_was_ever_published":false,"_jetpack_newsletter_access":"","_jetpack_dont_email_post_to_subs":false,"_jetpack_newsletter_tier_id":0,"_jetpack_memberships_contains_paywalled_content":false,"_jetpack_memberships_contains_paid_content":false,"footnotes":"","jetpack_publicize_message":"","jetpack_publicize_feature_enabled":true,"jetpack_social_post_already_shared":true,"jetpack_social_options":{"image_generator_settings":{"template":"highway","default_image_id":0,"font":"","enabled":false},"version":2}},"categories":[766],"tags":[1212],"class_list":["post-22084","post","type-post","status-publish","format-standard","has-post-thumbnail","hentry","category-cine-netflix","tag-comedia-de-accion"],"jetpack_publicize_connections":[],"jetpack_featured_media_url":"https:\/\/www.macquero.com\/wp-content\/uploads\/2025\/01\/aa.jpg","jetpack_sharing_enabled":true,"_links":{"self":[{"href":"https:\/\/www.macquero.com\/en\/wp-json\/wp\/v2\/posts\/22084","targetHints":{"allow":["GET"]}}],"collection":[{"href":"https:\/\/www.macquero.com\/en\/wp-json\/wp\/v2\/posts"}],"about":[{"href":"https:\/\/www.macquero.com\/en\/wp-json\/wp\/v2\/types\/post"}],"author":[{"embeddable":true,"href":"https:\/\/www.macquero.com\/en\/wp-json\/wp\/v2\/users\/2"}],"replies":[{"embeddable":true,"href":"https:\/\/www.macquero.com\/en\/wp-json\/wp\/v2\/comments?post=22084"}],"version-history":[{"count":1,"href":"https:\/\/www.macquero.com\/en\/wp-json\/wp\/v2\/posts\/22084\/revisions"}],"predecessor-version":[{"id":22086,"href":"https:\/\/www.macquero.com\/en\/wp-json\/wp\/v2\/posts\/22084\/revisions\/22086"}],"wp:featuredmedia":[{"embeddable":true,"href":"https:\/\/www.macquero.com\/en\/wp-json\/wp\/v2\/media\/22085"}],"wp:attachment":[{"href":"https:\/\/www.macquero.com\/en\/wp-json\/wp\/v2\/media?parent=22084"}],"wp:term":[{"taxonomy":"category","embeddable":true,"href":"https:\/\/www.macquero.com\/en\/wp-json\/wp\/v2\/categories?post=22084"},{"taxonomy":"post_tag","embeddable":true,"href":"https:\/\/www.macquero.com\/en\/wp-json\/wp\/v2\/tags?post=22084"}],"curies":[{"name":"wp","href":"https:\/\/api.w.org\/{rel}","templated":true}]}}