{"id":22030,"date":"2025-01-01T00:40:00","date_gmt":"2025-01-01T06:40:00","guid":{"rendered":"https:\/\/www.macquero.com\/?p=22030"},"modified":"2024-12-31T06:12:00","modified_gmt":"2024-12-31T12:12:00","slug":"gladiador-2","status":"publish","type":"post","link":"https:\/\/www.macquero.com\/en\/2025\/01\/gladiador-2\/","title":{"rendered":"Gladiator 2."},"content":{"rendered":"<p>Finalmente logr\u00e9 verla y est\u00e1s son mis valoraciones. <\/p>\n\n\n\n<p>&#8220;Gladiador II&#8221; es una pel\u00edcula \u00e9pica de drama hist\u00f3rico dirigida por Ridley Scott, estrenada en noviembre de 2024. Esta secuela de la aclamada &#8220;Gladiador&#8221; (2000) retoma la narrativa a\u00f1os despu\u00e9s de los eventos originales, centr\u00e1ndose en <strong>Lucio Vero,<\/strong> interpretado por <a href=\"https:\/\/www.instagram.com\/paulmescalpics\" data-type=\"link\" data-id=\"https:\/\/www.instagram.com\/paulmescalpics\" target=\"_blank\" rel=\"noreferrer noopener\">Paul Mescal<\/a>, quien fue testigo de la muerte de M\u00e1ximo D\u00e9cimo Meridio. La trama sigue a Lucio mientras es forzado a convertirse en gladiador en el Coliseo de Roma tras ser esclavizado por una invasi\u00f3n romana.<\/p>\n\n\n\n<p>El elenco de &#8220;Gladiador II&#8221; incluye a destacados actores como <strong>Denzel Washington<\/strong>, Pedro Pascal, <strong>Joseph Quinn<\/strong> y <strong>Connie Nielsen<\/strong>, quien retoma su papel como Lucila. La pel\u00edcula ha sido elogiada por su impresionante cinematograf\u00eda y escenas de combate, aunque ha recibido cr\u00edticas de varios tipos.<\/p>\n\n\n\n<h2 class=\"wp-block-heading\">Dato importante<\/h2>\n\n\n\n<p>La producci\u00f3n de la pel\u00edcula cont\u00f3 con la colaboraci\u00f3n de la empresa espa\u00f1ola <strong>Peris Costumes,<\/strong> que proporcion\u00f3 vestuario aut\u00e9ntico confeccionado en <strong>Algete, Madrid,<\/strong> contribuyendo a la ambientaci\u00f3n hist\u00f3rica de la cinta.<\/p>\n\n\n\n<p>&#8220;Gladiador II&#8221; se estren\u00f3 en cines el 15 de noviembre de 2024 en el Reino Unido y el 22 de noviembre en Estados Unidos, recibiendo una respuesta mixta por parte de la cr\u00edtica y el p\u00fablico. A pesar de las opiniones divididas, la pel\u00edcula ha captado la atenci\u00f3n por su ambiciosa producci\u00f3n y la continuaci\u00f3n de una historia que marc\u00f3 el cine a principios del siglo XXI.<\/p>\n\n\n\n<h2 class=\"wp-block-heading\">Opini\u00f3n personal<\/h2>\n\n\n\n<p>He explorado diversas opiniones en Threads, y este es mi veredicto. <\/p>\n\n\n\n<blockquote class=\"wp-block-quote is-layout-flow wp-block-quote-is-layout-flow\">\n<p>Mientras algunos usuarios elogian este esfuerzo cinematogr\u00e1fico, otros son m\u00e1s cr\u00edticos y lo desvalorizan. Personalmente, qued\u00e9 maravillado; <strong>el final me pareci\u00f3 \u00e9pico y verdaderamente legendario.<\/strong><\/p>\n\n\n\n<p>La pel\u00edcula ofrece escenas de combate impresionantes y presenta elementos innovadores que me parecieron fascinantes, <strong>como un coliseo inundado, donde incluso aparecen tiburones.<\/strong> <\/p>\n\n\n\n<h2 class=\"wp-block-heading\">\u00a1Una propuesta tan audaz como inesperada! <\/h2>\n<\/blockquote>\n\n\n\n<p>Este detalle aporta una originalidad \u00fanica, convirtiendo la experiencia en algo nunca antes visto en el g\u00e9nero.<\/p>\n\n\n\n<p>Calificaci\u00f3n: &#x2b50;&#x2b50;&#x2b50;&#x2b50;&#x2b50;<\/p>\n\n\n\n<p>Disponible para rentar o comprar en la tienda de <a href=\"https:\/\/tv.apple.com\/mx\/movie\/gladiador-ii\/umc.cmc.41i5yuv39giblk8e4fqr4x6m?l=es-MX\" data-type=\"link\" data-id=\"https:\/\/tv.apple.com\/mx\/movie\/gladiador-ii\/umc.cmc.41i5yuv39giblk8e4fqr4x6m?l=es-MX\" target=\"_blank\" rel=\"noreferrer noopener\">\uf8ffTV<\/a>.<\/p>","protected":false},"excerpt":{"rendered":"<p>Finalmente logr\u00e9 verla y est\u00e1s son mis valoraciones. &#8220;Gladiador II&#8221; es una pel\u00edcula \u00e9pica de drama hist\u00f3rico dirigida por Ridley Scott, estrenada en noviembre de 2024. Esta secuela de la aclamada &#8220;Gladiador&#8221; (2000) retoma la narrativa a\u00f1os despu\u00e9s de los eventos originales, centr\u00e1ndose en Lucio Vero, interpretado por Paul Mescal, quien fue testigo de la &hellip;<\/p>","protected":false},"author":2,"featured_media":22031,"comment_status":"closed","ping_status":"closed","sticky":false,"template":"","format":"standard","meta":{"jetpack_post_was_ever_published":false,"_jetpack_newsletter_access":"","_jetpack_dont_email_post_to_subs":false,"_jetpack_newsletter_tier_id":0,"_jetpack_memberships_contains_paywalled_content":false,"_jetpack_memberships_contains_paid_content":false,"footnotes":"","jetpack_publicize_message":"","jetpack_publicize_feature_enabled":true,"jetpack_social_post_already_shared":true,"jetpack_social_options":{"image_generator_settings":{"template":"highway","default_image_id":0,"font":"","enabled":false},"version":2}},"categories":[687,689,1244],"tags":[1218],"class_list":["post-22030","post","type-post","status-publish","format-standard","has-post-thumbnail","hentry","category-accion-y-aventura","category-drama","category-recomendada","tag-drama-belico"],"jetpack_publicize_connections":[],"jetpack_featured_media_url":"https:\/\/www.macquero.com\/wp-content\/uploads\/2024\/12\/di.jpg","jetpack_sharing_enabled":true,"_links":{"self":[{"href":"https:\/\/www.macquero.com\/en\/wp-json\/wp\/v2\/posts\/22030","targetHints":{"allow":["GET"]}}],"collection":[{"href":"https:\/\/www.macquero.com\/en\/wp-json\/wp\/v2\/posts"}],"about":[{"href":"https:\/\/www.macquero.com\/en\/wp-json\/wp\/v2\/types\/post"}],"author":[{"embeddable":true,"href":"https:\/\/www.macquero.com\/en\/wp-json\/wp\/v2\/users\/2"}],"replies":[{"embeddable":true,"href":"https:\/\/www.macquero.com\/en\/wp-json\/wp\/v2\/comments?post=22030"}],"version-history":[{"count":2,"href":"https:\/\/www.macquero.com\/en\/wp-json\/wp\/v2\/posts\/22030\/revisions"}],"predecessor-version":[{"id":22033,"href":"https:\/\/www.macquero.com\/en\/wp-json\/wp\/v2\/posts\/22030\/revisions\/22033"}],"wp:featuredmedia":[{"embeddable":true,"href":"https:\/\/www.macquero.com\/en\/wp-json\/wp\/v2\/media\/22031"}],"wp:attachment":[{"href":"https:\/\/www.macquero.com\/en\/wp-json\/wp\/v2\/media?parent=22030"}],"wp:term":[{"taxonomy":"category","embeddable":true,"href":"https:\/\/www.macquero.com\/en\/wp-json\/wp\/v2\/categories?post=22030"},{"taxonomy":"post_tag","embeddable":true,"href":"https:\/\/www.macquero.com\/en\/wp-json\/wp\/v2\/tags?post=22030"}],"curies":[{"name":"wp","href":"https:\/\/api.w.org\/{rel}","templated":true}]}}