{"id":22011,"date":"2024-12-27T00:20:00","date_gmt":"2024-12-27T06:20:00","guid":{"rendered":"https:\/\/www.macquero.com\/?p=22011"},"modified":"2024-12-26T03:24:07","modified_gmt":"2024-12-26T09:24:07","slug":"venom-el-ultimo-baile","status":"publish","type":"post","link":"https:\/\/www.macquero.com\/en\/2024\/12\/venom-el-ultimo-baile\/","title":{"rendered":"Venom: El \u00faltimo baile."},"content":{"rendered":"<p>&#8220;Venom: The Last Dance&#8221; es la tercera entrega de la saga protagonizada por Tom Hardy como Eddie Brock y su simbionte Venom. La pel\u00edcula se estren\u00f3 en cines el 25 de octubre de 2024 y est\u00e1 dirigida por Kelly Marcel, quien tambi\u00e9n co escribi\u00f3 el guion junto a Hardy.<\/p>\n\n\n\n<p>En esta entrega, Eddie y Venom enfrentan a Knull, el Dios de los Simbiontes, interpretado por Andy Serkis. Knull es una entidad antigua y poderosa que busca dominar el universo con su ej\u00e9rcito de dragones simbi\u00f3ticos.<\/p>\n\n\n\n<blockquote class=\"wp-block-quote is-layout-flow wp-block-quote-is-layout-flow\">\n<p>Por supuesto, ninguna supera a la primera, pero la tercera entrega me gust\u00f3. Tiene escenas divertidas y est\u00e1 cargada de acci\u00f3n, con efectos especiales sorprendentes y muy convincentes.<\/p>\n<\/blockquote>\n\n\n\n<h2 class=\"wp-block-heading\">Recepci\u00f3n:<\/h2>\n\n\n\n<p>La pel\u00edcula ha recibido cr\u00edticas mixtas. Algunos cr\u00edticos se\u00f1alan que, aunque ofrece secuencias de acci\u00f3n impresionantes, la narrativa es confusa y carece del humor presente en las entregas anteriores.<\/p>\n\n\n\n<p>Actualmente, &#8220;Venom: The Last Dance&#8221; est\u00e1 disponible en <a href=\"https:\/\/tv.apple.com\/mx\/movie\/venom-el-ultimo-baile\/umc.cmc.44fxgzrhffbmf97cm03y6xaix?l=es-MX\" data-type=\"link\" data-id=\"https:\/\/tv.apple.com\/mx\/movie\/venom-el-ultimo-baile\/umc.cmc.44fxgzrhffbmf97cm03y6xaix?l=es-MX\" target=\"_blank\" rel=\"noreferrer noopener\">Apple TV<\/a>. Se espera que llegue a plataformas de streaming, como Netflix, a principios de 2025, debido a un acuerdo entre Netflix y Sony Pictures.<\/p>\n\n\n\n<p>Para los fan\u00e1ticos de la saga, esta pel\u00edcula ofrece una conclusi\u00f3n \u00e9pica a la trilog\u00eda, explorando la compleja relaci\u00f3n entre Eddie y Venom, y presentando desaf\u00edos que pondr\u00e1n a prueba su v\u00ednculo como nunca antes.<\/p>\n\n\n\n<p>Calificaci\u00f3n: &#x2b50;&#x2b50;&#x2b50;&#x2b50;&#x2b50;<\/p>","protected":false},"excerpt":{"rendered":"<p>&#8220;Venom: The Last Dance&#8221; es la tercera entrega de la saga protagonizada por Tom Hardy como Eddie Brock y su simbionte Venom. La pel\u00edcula se estren\u00f3 en cines el 25 de octubre de 2024 y est\u00e1 dirigida por Kelly Marcel, quien tambi\u00e9n co escribi\u00f3 el guion junto a Hardy. En esta entrega, Eddie y Venom &hellip;<\/p>","protected":false},"author":2,"featured_media":22012,"comment_status":"closed","ping_status":"closed","sticky":false,"template":"","format":"standard","meta":{"jetpack_post_was_ever_published":false,"_jetpack_newsletter_access":"","_jetpack_dont_email_post_to_subs":false,"_jetpack_newsletter_tier_id":0,"_jetpack_memberships_contains_paywalled_content":false,"_jetpack_memberships_contains_paid_content":false,"footnotes":"","jetpack_publicize_message":"","jetpack_publicize_feature_enabled":true,"jetpack_social_post_already_shared":true,"jetpack_social_options":{"image_generator_settings":{"template":"highway","default_image_id":0,"font":"","enabled":false},"version":2}},"categories":[687,688],"tags":[856,823,779],"class_list":["post-22011","post","type-post","status-publish","format-standard","has-post-thumbnail","hentry","category-accion-y-aventura","category-ciencia-ficcion","tag-ciencia-ficcion-y-fantasia","tag-divertida","tag-emocionante"],"jetpack_publicize_connections":[],"jetpack_featured_media_url":"https:\/\/www.macquero.com\/wp-content\/uploads\/2024\/12\/no.jpg","jetpack_sharing_enabled":true,"_links":{"self":[{"href":"https:\/\/www.macquero.com\/en\/wp-json\/wp\/v2\/posts\/22011","targetHints":{"allow":["GET"]}}],"collection":[{"href":"https:\/\/www.macquero.com\/en\/wp-json\/wp\/v2\/posts"}],"about":[{"href":"https:\/\/www.macquero.com\/en\/wp-json\/wp\/v2\/types\/post"}],"author":[{"embeddable":true,"href":"https:\/\/www.macquero.com\/en\/wp-json\/wp\/v2\/users\/2"}],"replies":[{"embeddable":true,"href":"https:\/\/www.macquero.com\/en\/wp-json\/wp\/v2\/comments?post=22011"}],"version-history":[{"count":2,"href":"https:\/\/www.macquero.com\/en\/wp-json\/wp\/v2\/posts\/22011\/revisions"}],"predecessor-version":[{"id":22018,"href":"https:\/\/www.macquero.com\/en\/wp-json\/wp\/v2\/posts\/22011\/revisions\/22018"}],"wp:featuredmedia":[{"embeddable":true,"href":"https:\/\/www.macquero.com\/en\/wp-json\/wp\/v2\/media\/22012"}],"wp:attachment":[{"href":"https:\/\/www.macquero.com\/en\/wp-json\/wp\/v2\/media?parent=22011"}],"wp:term":[{"taxonomy":"category","embeddable":true,"href":"https:\/\/www.macquero.com\/en\/wp-json\/wp\/v2\/categories?post=22011"},{"taxonomy":"post_tag","embeddable":true,"href":"https:\/\/www.macquero.com\/en\/wp-json\/wp\/v2\/tags?post=22011"}],"curies":[{"name":"wp","href":"https:\/\/api.w.org\/{rel}","templated":true}]}}