{"id":21979,"date":"2024-12-14T00:20:00","date_gmt":"2024-12-14T06:20:00","guid":{"rendered":"https:\/\/www.macquero.com\/?p=21979"},"modified":"2024-12-13T18:52:19","modified_gmt":"2024-12-14T00:52:19","slug":"100-anos-de-soledad","status":"publish","type":"post","link":"https:\/\/www.macquero.com\/en\/2024\/12\/100-anos-de-soledad\/","title":{"rendered":"Cien a\u00f1os de Soledad."},"content":{"rendered":"<p>Puntuaci\u00f3n: &#x2b50;&#x2b50;&#x2b50;&#x2b50;&#x2b50;<\/p>\n\n\n\n<p>Probablemente, sea uno de los estrenos m\u00e1s esperados en la plataforma.<\/p>\n\n\n\n<p>Basada en la emblem\u00e1tica novela de <strong>Gabriel Garc\u00eda M\u00e1rquez<\/strong>, este proyecto representa la primera adaptaci\u00f3n audiovisual de la obra, producida con la participaci\u00f3n de la familia Garc\u00eda M\u00e1rquez. <\/p>\n\n\n\n<h2 class=\"wp-block-heading\">Contexto<\/h2>\n\n\n\n<p>La primera temporada, compuesta por ocho episodios, explora la historia de la familia Buend\u00eda a lo largo <strong>de varias generaciones en el m\u00e1gico pueblo de Macondo<\/strong>, manteniendo el estilo de realismo m\u00e1gico caracter\u00edstico del libro. Cada episodio destaca eventos y personajes ic\u00f3nicos de la novela, como &#8220;Jos\u00e9 Arcadio Buend\u00eda&#8221;, &#8220;\u00darsula Iguar\u00e1n&#8221; y el coronel &#8220;Aureliano Buend\u00eda&#8221;. <\/p>\n\n\n\n<p>La serie ha sido elogiada por su fidelidad a la obra literaria y por la calidad de su producci\u00f3n, destacando por su fotograf\u00eda y direcci\u00f3n. <strong>Una segunda temporada,<\/strong> que completar\u00e1 los 16 episodios planeados, ya est\u00e1 confirmada.<\/p>\n\n\n\n<blockquote class=\"wp-block-quote is-layout-flow wp-block-quote-is-layout-flow\">\n<p>Una adaptaci\u00f3n que honra profundamente el realismo m\u00e1gico del autor y la esencia del libro. La serie emplea un lenguaje audiovisual sofisticado, de buen gusto y adecuadamente situado en cada escena.<\/p>\n<\/blockquote>","protected":false},"excerpt":{"rendered":"<p>Puntuaci\u00f3n: &#x2b50;&#x2b50;&#x2b50;&#x2b50;&#x2b50; Probablemente, sea uno de los estrenos m\u00e1s esperados en la plataforma. Basada en la emblem\u00e1tica novela de Gabriel Garc\u00eda M\u00e1rquez, este proyecto representa la primera adaptaci\u00f3n audiovisual de la obra, producida con la participaci\u00f3n de la familia Garc\u00eda M\u00e1rquez. Contexto La primera temporada, compuesta por ocho episodios, explora la historia de la familia &hellip;<\/p>","protected":false},"author":2,"featured_media":21980,"comment_status":"closed","ping_status":"closed","sticky":false,"template":"","format":"standard","meta":{"jetpack_post_was_ever_published":false,"_jetpack_newsletter_access":"","_jetpack_dont_email_post_to_subs":false,"_jetpack_newsletter_tier_id":0,"_jetpack_memberships_contains_paywalled_content":false,"_jetpack_memberships_contains_paid_content":false,"footnotes":"","jetpack_publicize_message":"","jetpack_publicize_feature_enabled":true,"jetpack_social_post_already_shared":true,"jetpack_social_options":{"image_generator_settings":{"template":"highway","default_image_id":0,"font":"","enabled":false},"version":2}},"categories":[733,732,974],"tags":[1380,303,838],"class_list":["post-21979","post","type-post","status-publish","format-standard","has-post-thumbnail","hentry","category-originales-de-netflix","category-series","category-telenovela","tag-brillante","tag-drama","tag-telenovelesco"],"jetpack_publicize_connections":[],"jetpack_featured_media_url":"https:\/\/www.macquero.com\/wp-content\/uploads\/2024\/12\/es.jpg","jetpack_sharing_enabled":true,"_links":{"self":[{"href":"https:\/\/www.macquero.com\/en\/wp-json\/wp\/v2\/posts\/21979","targetHints":{"allow":["GET"]}}],"collection":[{"href":"https:\/\/www.macquero.com\/en\/wp-json\/wp\/v2\/posts"}],"about":[{"href":"https:\/\/www.macquero.com\/en\/wp-json\/wp\/v2\/types\/post"}],"author":[{"embeddable":true,"href":"https:\/\/www.macquero.com\/en\/wp-json\/wp\/v2\/users\/2"}],"replies":[{"embeddable":true,"href":"https:\/\/www.macquero.com\/en\/wp-json\/wp\/v2\/comments?post=21979"}],"version-history":[{"count":2,"href":"https:\/\/www.macquero.com\/en\/wp-json\/wp\/v2\/posts\/21979\/revisions"}],"predecessor-version":[{"id":21988,"href":"https:\/\/www.macquero.com\/en\/wp-json\/wp\/v2\/posts\/21979\/revisions\/21988"}],"wp:featuredmedia":[{"embeddable":true,"href":"https:\/\/www.macquero.com\/en\/wp-json\/wp\/v2\/media\/21980"}],"wp:attachment":[{"href":"https:\/\/www.macquero.com\/en\/wp-json\/wp\/v2\/media?parent=21979"}],"wp:term":[{"taxonomy":"category","embeddable":true,"href":"https:\/\/www.macquero.com\/en\/wp-json\/wp\/v2\/categories?post=21979"},{"taxonomy":"post_tag","embeddable":true,"href":"https:\/\/www.macquero.com\/en\/wp-json\/wp\/v2\/tags?post=21979"}],"curies":[{"name":"wp","href":"https:\/\/api.w.org\/{rel}","templated":true}]}}