{"id":21975,"date":"2024-12-13T00:20:00","date_gmt":"2024-12-13T06:20:00","guid":{"rendered":"https:\/\/www.macquero.com\/?p=21975"},"modified":"2024-12-12T10:02:44","modified_gmt":"2024-12-12T16:02:44","slug":"la-palma","status":"publish","type":"post","link":"https:\/\/www.macquero.com\/en\/2024\/12\/la-palma\/","title":{"rendered":"La Palma."},"content":{"rendered":"<p>Puntuaci\u00f3n: &#x2b50;&#x2b50;&#x2b50;&#x2b50;&#x2b50;<\/p>\n\n\n\n<p>Nuestra siguiente recomendaci\u00f3n es tendencia. <\/p>\n\n\n\n<p>Una familia noruega de vacaciones en la isla de La Palma se enfrenta al desastre cuando una joven investigadora descubre se\u00f1ales alarmantes de una inminente erupci\u00f3n volc\u00e1nica.<\/p>\n\n\n\n<p>La serie fue filmada en 2023 y se inspira libremente en la erupci\u00f3n real del volc\u00e1n Cumbre Vieja en 2021, que caus\u00f3 da\u00f1os significativos en la isla. <\/p>\n\n\n\n<p>Su filmaci\u00f3n ha suscitado controversia entre los residentes de la zona, quienes opinan que la serie podr\u00eda minimizar la gravedad de un evento tr\u00e1gico ocurrido recientemente. A pesar de ello, los creadores ponen \u00e9nfasis en retratar las emociones humanas ante desaf\u00edos extremos, complement\u00e1ndolo con un notable despliegue de efectos visuales de alta calidad.<\/p>","protected":false},"excerpt":{"rendered":"<p>Puntuaci\u00f3n: &#x2b50;&#x2b50;&#x2b50;&#x2b50;&#x2b50; Nuestra siguiente recomendaci\u00f3n es tendencia. Una familia noruega de vacaciones en la isla de La Palma se enfrenta al desastre cuando una joven investigadora descubre se\u00f1ales alarmantes de una inminente erupci\u00f3n volc\u00e1nica. La serie fue filmada en 2023 y se inspira libremente en la erupci\u00f3n real del volc\u00e1n Cumbre Vieja en 2021, que &hellip;<\/p>","protected":false},"author":2,"featured_media":21976,"comment_status":"closed","ping_status":"closed","sticky":false,"template":"","format":"standard","meta":{"jetpack_post_was_ever_published":false,"_jetpack_newsletter_access":"","_jetpack_dont_email_post_to_subs":false,"_jetpack_newsletter_tier_id":0,"_jetpack_memberships_contains_paywalled_content":false,"_jetpack_memberships_contains_paid_content":false,"footnotes":"","jetpack_publicize_message":"","jetpack_publicize_feature_enabled":true,"jetpack_social_post_already_shared":true,"jetpack_social_options":{"image_generator_settings":{"template":"highway","default_image_id":0,"font":"","enabled":false},"version":2}},"categories":[732],"tags":[303],"class_list":["post-21975","post","type-post","status-publish","format-standard","has-post-thumbnail","hentry","category-series","tag-drama"],"jetpack_publicize_connections":[],"jetpack_featured_media_url":"https:\/\/www.macquero.com\/wp-content\/uploads\/2024\/12\/pa.jpg","jetpack_sharing_enabled":true,"_links":{"self":[{"href":"https:\/\/www.macquero.com\/en\/wp-json\/wp\/v2\/posts\/21975","targetHints":{"allow":["GET"]}}],"collection":[{"href":"https:\/\/www.macquero.com\/en\/wp-json\/wp\/v2\/posts"}],"about":[{"href":"https:\/\/www.macquero.com\/en\/wp-json\/wp\/v2\/types\/post"}],"author":[{"embeddable":true,"href":"https:\/\/www.macquero.com\/en\/wp-json\/wp\/v2\/users\/2"}],"replies":[{"embeddable":true,"href":"https:\/\/www.macquero.com\/en\/wp-json\/wp\/v2\/comments?post=21975"}],"version-history":[{"count":2,"href":"https:\/\/www.macquero.com\/en\/wp-json\/wp\/v2\/posts\/21975\/revisions"}],"predecessor-version":[{"id":21978,"href":"https:\/\/www.macquero.com\/en\/wp-json\/wp\/v2\/posts\/21975\/revisions\/21978"}],"wp:featuredmedia":[{"embeddable":true,"href":"https:\/\/www.macquero.com\/en\/wp-json\/wp\/v2\/media\/21976"}],"wp:attachment":[{"href":"https:\/\/www.macquero.com\/en\/wp-json\/wp\/v2\/media?parent=21975"}],"wp:term":[{"taxonomy":"category","embeddable":true,"href":"https:\/\/www.macquero.com\/en\/wp-json\/wp\/v2\/categories?post=21975"},{"taxonomy":"post_tag","embeddable":true,"href":"https:\/\/www.macquero.com\/en\/wp-json\/wp\/v2\/tags?post=21975"}],"curies":[{"name":"wp","href":"https:\/\/api.w.org\/{rel}","templated":true}]}}