{"id":21865,"date":"2024-11-18T03:31:45","date_gmt":"2024-11-18T09:31:45","guid":{"rendered":"https:\/\/www.macquero.com\/?p=21865"},"modified":"2024-12-09T03:55:40","modified_gmt":"2024-12-09T09:55:40","slug":"apocalipsis-z-el-principio-del-fin","status":"publish","type":"post","link":"https:\/\/www.macquero.com\/en\/2024\/11\/apocalipsis-z-el-principio-del-fin\/","title":{"rendered":"Apocalipsis Z: El principio del fin."},"content":{"rendered":"<p>El pasado fin de semana decidimos darle una oportunidad a nuestra siguiente recomendaci\u00f3n. <\/p>\n\n\n\n<p>Una especie de rabia que transforma a la gente en criaturas agresivas se extiende por todo el planeta. Manel se a\u00edsla con su gato en su casa de Galicia, recurriendo a su ingenio para sobrevivir. Pronto tienen que salir a buscar comida, por tierra y mar, encontr\u00e1ndose con todo tipo de peligros, comenzando un viaje de supervivencia f\u00edsica y emocional, con acci\u00f3n, tensi\u00f3n, infectados rabiosos\u2026 y un malhumorado gato.<\/p>\n\n\n\n<p>La pel\u00edcula, protagonizada por <strong>Francisco Ortiz<\/strong>, <strong>Jos\u00e9 Mar\u00eda Yazpik<\/strong> y <strong>Berta V\u00e1zquez<\/strong>, hizo su debut en Prime Video el 31 de octubre de 2024. Sin embargo para quienes no cuenten con una suscripci\u00f3n a este servicio, tambi\u00e9n est\u00e1 disponible en <a href=\"https:\/\/tv.apple.com\/es\/movie\/apocalipsis-z-el-principio-del-fin\/umc.cmc.5zm53g776p1htlsfqodxcrog\" data-type=\"link\" data-id=\"https:\/\/tv.apple.com\/es\/movie\/apocalipsis-z-el-principio-del-fin\/umc.cmc.5zm53g776p1htlsfqodxcrog\" target=\"_blank\" rel=\"noreferrer noopener\">Apple TV<\/a>.<\/p>\n\n\n\n<p>La narrativa me dej\u00f3 gratamente impresionado, pues re\u00fane todos los ingredientes esenciales del g\u00e9nero: intensidad, tensi\u00f3n y una profunda exploraci\u00f3n de la supervivencia en un mundo arrasado por un virus. Su desenlace, abierto y lleno de posibilidades, sugiere que una secuela podr\u00eda estar en desarrollo.<\/p>\n\n\n\n<p>Calificaci\u00f3n: &#x2b50;&#x2b50;&#x2b50;&#x2b50;&#x2b50;<\/p>\n\n\n\n<p>La pel\u00edcula est\u00e1 disponible en espa\u00f1ol y ofrece la opci\u00f3n de activar subt\u00edtulos en el idioma de tu preferencia.<\/p>","protected":false},"excerpt":{"rendered":"<p>El pasado fin de semana decidimos darle una oportunidad a nuestra siguiente recomendaci\u00f3n. Una especie de rabia que transforma a la gente en criaturas agresivas se extiende por todo el planeta. Manel se a\u00edsla con su gato en su casa de Galicia, recurriendo a su ingenio para sobrevivir. Pronto tienen que salir a buscar comida, &hellip;<\/p>","protected":false},"author":2,"featured_media":21866,"comment_status":"closed","ping_status":"closed","sticky":false,"template":"","format":"standard","meta":{"jetpack_post_was_ever_published":false,"_jetpack_newsletter_access":"","_jetpack_dont_email_post_to_subs":false,"_jetpack_newsletter_tier_id":0,"_jetpack_memberships_contains_paywalled_content":false,"_jetpack_memberships_contains_paid_content":false,"footnotes":"","jetpack_publicize_message":"","jetpack_publicize_feature_enabled":true,"jetpack_social_post_already_shared":true,"jetpack_social_options":{"image_generator_settings":{"template":"highway","default_image_id":0,"font":"","enabled":false},"version":2}},"categories":[687,689,1193,692],"tags":[1192],"class_list":["post-21865","post","type-post","status-publish","format-standard","has-post-thumbnail","hentry","category-accion-y-aventura","category-drama","category-terror","category-thriller","tag-zombies"],"jetpack_publicize_connections":[],"jetpack_featured_media_url":"https:\/\/www.macquero.com\/wp-content\/uploads\/2024\/11\/ca.jpg","jetpack_sharing_enabled":true,"_links":{"self":[{"href":"https:\/\/www.macquero.com\/en\/wp-json\/wp\/v2\/posts\/21865","targetHints":{"allow":["GET"]}}],"collection":[{"href":"https:\/\/www.macquero.com\/en\/wp-json\/wp\/v2\/posts"}],"about":[{"href":"https:\/\/www.macquero.com\/en\/wp-json\/wp\/v2\/types\/post"}],"author":[{"embeddable":true,"href":"https:\/\/www.macquero.com\/en\/wp-json\/wp\/v2\/users\/2"}],"replies":[{"embeddable":true,"href":"https:\/\/www.macquero.com\/en\/wp-json\/wp\/v2\/comments?post=21865"}],"version-history":[{"count":4,"href":"https:\/\/www.macquero.com\/en\/wp-json\/wp\/v2\/posts\/21865\/revisions"}],"predecessor-version":[{"id":21950,"href":"https:\/\/www.macquero.com\/en\/wp-json\/wp\/v2\/posts\/21865\/revisions\/21950"}],"wp:featuredmedia":[{"embeddable":true,"href":"https:\/\/www.macquero.com\/en\/wp-json\/wp\/v2\/media\/21866"}],"wp:attachment":[{"href":"https:\/\/www.macquero.com\/en\/wp-json\/wp\/v2\/media?parent=21865"}],"wp:term":[{"taxonomy":"category","embeddable":true,"href":"https:\/\/www.macquero.com\/en\/wp-json\/wp\/v2\/categories?post=21865"},{"taxonomy":"post_tag","embeddable":true,"href":"https:\/\/www.macquero.com\/en\/wp-json\/wp\/v2\/tags?post=21865"}],"curies":[{"name":"wp","href":"https:\/\/api.w.org\/{rel}","templated":true}]}}