{"id":21857,"date":"2024-11-15T10:24:03","date_gmt":"2024-11-15T16:24:03","guid":{"rendered":"https:\/\/www.macquero.com\/?p=21857"},"modified":"2024-11-15T10:26:42","modified_gmt":"2024-11-15T16:26:42","slug":"cobra-kai-temporada-6-parte-2","status":"publish","type":"post","link":"https:\/\/www.macquero.com\/en\/2024\/11\/cobra-kai-temporada-6-parte-2\/","title":{"rendered":"\u201cCobra Kai\u201d Temporada 6, Parte 2."},"content":{"rendered":"<p>Puntuaci\u00f3n: &#x2b50;&#x2b50;&#x2b50;&#x2b50;<\/p>\n\n\n\n<p>Hoy se estrenaron los esperados episodios de la segunda parte. Y si me lo preguntan, no estoy seguro de que el trabajo de marketing de la serie haya logrado transmitir adecuadamente lo que nos espera en este final. <\/p>\n\n\n\n<p>Francamente, no s\u00e9 qu\u00e9 opinar. Espero que <strong>esta tendencia de dividir estrenos de forma tan fragmentada<\/strong> no se convierta en una pr\u00e1ctica habitual. Ahora, toca esperar hasta febrero del pr\u00f3ximo a\u00f1o para conocer el desenlace. <\/p>\n\n\n\n<p>Al finalizar la segunda parte, <strong>hay un detr\u00e1s de c\u00e1maras <\/strong>que, honestamente, no me motiv\u00f3 a verlo.<\/p>\n\n\n\n<h2 class=\"wp-block-heading\">En escena<\/h2>\n\n\n\n<p>Aunque hubo algunas escenas inesperadas que, personalmente, encontr\u00e9 bastante agradables entre los personajes <strong>Yuji Okumoto<\/strong> (Chozen Toguchi) y <a href=\"https:\/\/www.instagram.com\/thealiciahannah\" data-type=\"link\" data-id=\"https:\/\/www.instagram.com\/thealiciahannah\" target=\"_blank\" rel=\"noreferrer noopener\">Alicia Hannah-Kim<\/a> (Kim Da-Eum). <\/p>\n\n\n\n<blockquote class=\"wp-block-quote is-layout-flow wp-block-quote-is-layout-flow\">\n<p>Ese romance inesperado fue una sorpresa que aporta un giro interesante, refrescando la imagen de la villana y su desenlace en las historias por venir.<\/p>\n<\/blockquote>\n\n\n\n<h2 class=\"wp-block-heading\">Coreograf\u00eda, fotograf\u00eda y efectos <\/h2>\n\n\n\n<p>Debo reconocer que las numerosas secuencias de acci\u00f3n no fueron del todo satisfactorias para m\u00ed. Habr\u00eda deseado un desenlace distinto, pero es lo que tenemos. <\/p>\n\n\n\n<p>M\u00e1s all\u00e1 de mis apreciaciones finales sobre el cierre, la trama se vuelve cada vez m\u00e1s emocionante a medida que avanza. No puedo esperar para descubrir c\u00f3mo culminar\u00e1 esta franquicia.<\/p>\n\n\n\n<p>Otro aspecto positivo de esta etapa es la incorporaci\u00f3n de nuevos personajes, quienes, gracias a sus destacadas interpretaciones, se han ganado merecidamente un lugar.<\/p>","protected":false},"excerpt":{"rendered":"<p>Puntuaci\u00f3n: &#x2b50;&#x2b50;&#x2b50;&#x2b50; Hoy se estrenaron los esperados episodios de la segunda parte. Y si me lo preguntan, no estoy seguro de que el trabajo de marketing de la serie haya logrado transmitir adecuadamente lo que nos espera en este final. Francamente, no s\u00e9 qu\u00e9 opinar. Espero que esta tendencia de dividir estrenos de forma tan &hellip;<\/p>","protected":false},"author":2,"featured_media":21859,"comment_status":"closed","ping_status":"closed","sticky":false,"template":"","format":"standard","meta":{"jetpack_post_was_ever_published":false,"_jetpack_newsletter_access":"","_jetpack_dont_email_post_to_subs":false,"_jetpack_newsletter_tier_id":0,"_jetpack_memberships_contains_paywalled_content":false,"_jetpack_memberships_contains_paid_content":false,"footnotes":"","jetpack_publicize_message":"","jetpack_publicize_feature_enabled":true,"jetpack_social_post_already_shared":true,"jetpack_social_options":{"image_generator_settings":{"template":"highway","default_image_id":0,"font":"","enabled":false},"version":2}},"categories":[1007,733,1101,732],"tags":[682,801,779],"class_list":["post-21857","post","type-post","status-publish","format-standard","has-post-thumbnail","hentry","category-avances","category-originales-de-netflix","category-recomendado","category-series","tag-accion-y-aventura","tag-drama-juvenil","tag-emocionante"],"jetpack_publicize_connections":[],"jetpack_featured_media_url":"https:\/\/www.macquero.com\/wp-content\/uploads\/2024\/11\/ak.jpg","jetpack_sharing_enabled":true,"_links":{"self":[{"href":"https:\/\/www.macquero.com\/en\/wp-json\/wp\/v2\/posts\/21857","targetHints":{"allow":["GET"]}}],"collection":[{"href":"https:\/\/www.macquero.com\/en\/wp-json\/wp\/v2\/posts"}],"about":[{"href":"https:\/\/www.macquero.com\/en\/wp-json\/wp\/v2\/types\/post"}],"author":[{"embeddable":true,"href":"https:\/\/www.macquero.com\/en\/wp-json\/wp\/v2\/users\/2"}],"replies":[{"embeddable":true,"href":"https:\/\/www.macquero.com\/en\/wp-json\/wp\/v2\/comments?post=21857"}],"version-history":[{"count":4,"href":"https:\/\/www.macquero.com\/en\/wp-json\/wp\/v2\/posts\/21857\/revisions"}],"predecessor-version":[{"id":21863,"href":"https:\/\/www.macquero.com\/en\/wp-json\/wp\/v2\/posts\/21857\/revisions\/21863"}],"wp:featuredmedia":[{"embeddable":true,"href":"https:\/\/www.macquero.com\/en\/wp-json\/wp\/v2\/media\/21859"}],"wp:attachment":[{"href":"https:\/\/www.macquero.com\/en\/wp-json\/wp\/v2\/media?parent=21857"}],"wp:term":[{"taxonomy":"category","embeddable":true,"href":"https:\/\/www.macquero.com\/en\/wp-json\/wp\/v2\/categories?post=21857"},{"taxonomy":"post_tag","embeddable":true,"href":"https:\/\/www.macquero.com\/en\/wp-json\/wp\/v2\/tags?post=21857"}],"curies":[{"name":"wp","href":"https:\/\/api.w.org\/{rel}","templated":true}]}}