{"id":21791,"date":"2024-10-25T06:11:57","date_gmt":"2024-10-25T12:11:57","guid":{"rendered":"https:\/\/www.macquero.com\/?p=21791"},"modified":"2024-10-25T06:11:59","modified_gmt":"2024-10-25T12:11:59","slug":"la-singular-vida-de-ibelin","status":"publish","type":"post","link":"https:\/\/www.macquero.com\/en\/2024\/10\/la-singular-vida-de-ibelin\/","title":{"rendered":"La singular vida de Ibelin."},"content":{"rendered":"<p>Puntuaci\u00f3n: &#x2b50;&#x2b50;&#x2b50;&#x2b50;&#x2b50;<\/p>\n\n\n\n<p>Un documental que no puedes dejar de ver.<\/p>\n\n\n\n<h2 class=\"wp-block-heading\">Sipnosis<\/h2>\n\n\n\n<p>Mats Steen, gamer noruego, muri\u00f3 de una enfermedad muscular degenerativa a los 25 a\u00f1os. Sus padres lloraban lo que pensaban que hab\u00eda sido una vida solitaria y aislada, cuando empezaron a recibir mensajes de amigos online de todo el mundo.<\/p>\n\n\n\n<h2 class=\"wp-block-heading\">Contexto<\/h2>\n\n\n\n<p><strong>&#8220;La singular vida de Ibelin&#8221;<\/strong> es un documental de Netflix que narra la conmovedora historia de Mats Steen, un joven jugador noruego de <strong>World of Warcraft<\/strong> que falleci\u00f3 a los 25 a\u00f1os debido a una enfermedad muscular degenerativa.<\/p>\n\n\n\n<p>Despu\u00e9s de su muerte, sus amigos en l\u00ednea, que solo lo conoc\u00edan por su avatar &#8220;Ibelin&#8221;, comenzaron a contactar a su familia para compartir c\u00f3mo la vida de su &#8220;amigo&#8221; hab\u00eda impactado en sus vidas personales.<\/p>\n\n\n\n<p>Una historia que resalta la importancia de las conexiones humanas, incluso en el \u00e1mbito digital, y c\u00f3mo estas pueden tener un impacto duradero y positivo en nuestras vidas.<\/p>","protected":false},"excerpt":{"rendered":"<p>Puntuaci\u00f3n: &#x2b50;&#x2b50;&#x2b50;&#x2b50;&#x2b50; Un documental que no puedes dejar de ver. Sipnosis Mats Steen, gamer noruego, muri\u00f3 de una enfermedad muscular degenerativa a los 25 a\u00f1os. Sus padres lloraban lo que pensaban que hab\u00eda sido una vida solitaria y aislada, cuando empezaron a recibir mensajes de amigos online de todo el mundo. Contexto &#8220;La singular vida &hellip;<\/p>","protected":false},"author":2,"featured_media":21792,"comment_status":"closed","ping_status":"closed","sticky":false,"template":"","format":"standard","meta":{"jetpack_post_was_ever_published":false,"_jetpack_newsletter_access":"","_jetpack_dont_email_post_to_subs":false,"_jetpack_newsletter_tier_id":0,"_jetpack_memberships_contains_paywalled_content":false,"_jetpack_memberships_contains_paid_content":false,"footnotes":"","jetpack_publicize_message":"","jetpack_publicize_feature_enabled":true,"jetpack_social_post_already_shared":true,"jetpack_social_options":{"image_generator_settings":{"template":"highway","default_image_id":0,"font":"","enabled":false},"version":2}},"categories":[734,733],"tags":[933,1174,775],"class_list":["post-21791","post","type-post","status-publish","format-standard","has-post-thumbnail","hentry","category-documentales","category-originales-de-netflix","tag-documentales-de-investigacion","tag-dramatizacion","tag-emotivo"],"jetpack_publicize_connections":[],"jetpack_featured_media_url":"https:\/\/www.macquero.com\/wp-content\/uploads\/2024\/10\/rv.jpg","jetpack_sharing_enabled":true,"_links":{"self":[{"href":"https:\/\/www.macquero.com\/en\/wp-json\/wp\/v2\/posts\/21791","targetHints":{"allow":["GET"]}}],"collection":[{"href":"https:\/\/www.macquero.com\/en\/wp-json\/wp\/v2\/posts"}],"about":[{"href":"https:\/\/www.macquero.com\/en\/wp-json\/wp\/v2\/types\/post"}],"author":[{"embeddable":true,"href":"https:\/\/www.macquero.com\/en\/wp-json\/wp\/v2\/users\/2"}],"replies":[{"embeddable":true,"href":"https:\/\/www.macquero.com\/en\/wp-json\/wp\/v2\/comments?post=21791"}],"version-history":[{"count":1,"href":"https:\/\/www.macquero.com\/en\/wp-json\/wp\/v2\/posts\/21791\/revisions"}],"predecessor-version":[{"id":21793,"href":"https:\/\/www.macquero.com\/en\/wp-json\/wp\/v2\/posts\/21791\/revisions\/21793"}],"wp:featuredmedia":[{"embeddable":true,"href":"https:\/\/www.macquero.com\/en\/wp-json\/wp\/v2\/media\/21792"}],"wp:attachment":[{"href":"https:\/\/www.macquero.com\/en\/wp-json\/wp\/v2\/media?parent=21791"}],"wp:term":[{"taxonomy":"category","embeddable":true,"href":"https:\/\/www.macquero.com\/en\/wp-json\/wp\/v2\/categories?post=21791"},{"taxonomy":"post_tag","embeddable":true,"href":"https:\/\/www.macquero.com\/en\/wp-json\/wp\/v2\/tags?post=21791"}],"curies":[{"name":"wp","href":"https:\/\/api.w.org\/{rel}","templated":true}]}}