{"id":21761,"date":"2024-10-20T00:20:00","date_gmt":"2024-10-20T06:20:00","guid":{"rendered":"https:\/\/www.macquero.com\/?p=21761"},"modified":"2024-10-19T21:47:34","modified_gmt":"2024-10-20T03:47:34","slug":"los-enviados-temporada-2","status":"publish","type":"post","link":"https:\/\/www.macquero.com\/en\/2024\/10\/los-enviados-temporada-2\/","title":{"rendered":"Los enviados. Temporada 2."},"content":{"rendered":"<p>Puntuaci\u00f3n: &#x2b50;&#x2b50;&#x2b50;&#x2b50;&#x2b50;<\/p>\n\n\n\n<p>Hace unos d\u00edas te compart\u00ed mis impresiones sobre esta serie, pero hoy quiero recomendarte que no te pierdas la segunda temporada.<\/p>\n\n\n\n<h2 class=\"wp-block-heading\">Contexto<\/h2>\n\n\n\n<p>La historia sigue a dos sacerdotes del Vaticano, quienes son enviados a investigar milagros alrededor del mundo. La serie combina elementos de drama, misterio y suspenso con temas religiosos y sobrenaturales.<\/p>\n\n\n\n<p>La segunda temporada intensifica <strong>los elementos de intriga y misterio,<\/strong> profundizando en las tensiones entre la ciencia y la religi\u00f3n. Los nuevos episodios mantendr\u00e1n al espectador en constante suspenso, con tramas secundarias m\u00e1s elaboradas y personajes que evolucionan al enfrentarse a dilemas morales y amenazas latentes.<\/p>\n\n\n\n<p>Tal vez su \u00fanica debilidad sea que omite algunas preguntas relacionadas con lo sobrenatural, pero sigue siendo una producci\u00f3n de excelente calidad.<\/p>\n\n\n\n<h2 class=\"wp-block-heading\">Me gust\u00f3 m\u00e1s, est\u00e1 entrega. <\/h2>\n\n\n\n<p>\u00a1Toquemos madera!, y quiz\u00e1s nos entreguen una tercera entrega. <\/p>","protected":false},"excerpt":{"rendered":"<p>Puntuaci\u00f3n: &#x2b50;&#x2b50;&#x2b50;&#x2b50;&#x2b50; Hace unos d\u00edas te compart\u00ed mis impresiones sobre esta serie, pero hoy quiero recomendarte que no te pierdas la segunda temporada. Contexto La historia sigue a dos sacerdotes del Vaticano, quienes son enviados a investigar milagros alrededor del mundo. La serie combina elementos de drama, misterio y suspenso con temas religiosos y sobrenaturales. &hellip;<\/p>","protected":false},"author":2,"featured_media":21762,"comment_status":"closed","ping_status":"closed","sticky":false,"template":"","format":"standard","meta":{"jetpack_post_was_ever_published":false,"_jetpack_newsletter_access":"","_jetpack_dont_email_post_to_subs":false,"_jetpack_newsletter_tier_id":0,"_jetpack_memberships_contains_paywalled_content":false,"_jetpack_memberships_contains_paid_content":false,"footnotes":"","jetpack_publicize_message":"","jetpack_publicize_feature_enabled":true,"jetpack_social_post_already_shared":true,"jetpack_social_options":{"image_generator_settings":{"template":"highway","default_image_id":0,"font":"","enabled":false},"version":2}},"categories":[1102,732,974],"tags":[303,791,500,833],"class_list":["post-21761","post","type-post","status-publish","format-standard","has-post-thumbnail","hentry","category-favoritos","category-series","category-telenovela","tag-drama","tag-intriga","tag-misterio","tag-thriller-sobrenatural"],"jetpack_publicize_connections":[],"jetpack_featured_media_url":"https:\/\/www.macquero.com\/wp-content\/uploads\/2024\/10\/vi.jpg","jetpack_sharing_enabled":true,"_links":{"self":[{"href":"https:\/\/www.macquero.com\/en\/wp-json\/wp\/v2\/posts\/21761","targetHints":{"allow":["GET"]}}],"collection":[{"href":"https:\/\/www.macquero.com\/en\/wp-json\/wp\/v2\/posts"}],"about":[{"href":"https:\/\/www.macquero.com\/en\/wp-json\/wp\/v2\/types\/post"}],"author":[{"embeddable":true,"href":"https:\/\/www.macquero.com\/en\/wp-json\/wp\/v2\/users\/2"}],"replies":[{"embeddable":true,"href":"https:\/\/www.macquero.com\/en\/wp-json\/wp\/v2\/comments?post=21761"}],"version-history":[{"count":1,"href":"https:\/\/www.macquero.com\/en\/wp-json\/wp\/v2\/posts\/21761\/revisions"}],"predecessor-version":[{"id":21763,"href":"https:\/\/www.macquero.com\/en\/wp-json\/wp\/v2\/posts\/21761\/revisions\/21763"}],"wp:featuredmedia":[{"embeddable":true,"href":"https:\/\/www.macquero.com\/en\/wp-json\/wp\/v2\/media\/21762"}],"wp:attachment":[{"href":"https:\/\/www.macquero.com\/en\/wp-json\/wp\/v2\/media?parent=21761"}],"wp:term":[{"taxonomy":"category","embeddable":true,"href":"https:\/\/www.macquero.com\/en\/wp-json\/wp\/v2\/categories?post=21761"},{"taxonomy":"post_tag","embeddable":true,"href":"https:\/\/www.macquero.com\/en\/wp-json\/wp\/v2\/tags?post=21761"}],"curies":[{"name":"wp","href":"https:\/\/api.w.org\/{rel}","templated":true}]}}