{"id":21677,"date":"2024-09-19T05:46:12","date_gmt":"2024-09-19T11:46:12","guid":{"rendered":"https:\/\/www.macquero.com\/?p=21677"},"modified":"2024-09-19T05:46:16","modified_gmt":"2024-09-19T11:46:16","slug":"monstruos-la-historia-de-lyle-y-erik-menendez","status":"publish","type":"post","link":"https:\/\/www.macquero.com\/en\/2024\/09\/monstruos-la-historia-de-lyle-y-erik-menendez\/","title":{"rendered":"Monstruos: La historia de Lyle y Erik Menendez."},"content":{"rendered":"<p>Puntuaci\u00f3n: &#x2b50;&#x2b50;<\/p>\n\n\n\n<p>Nuestra pr\u00f3xima sugerencia acaba de lanzarse y est\u00e1 en boca de todos.<\/p>\n\n\n\n<h2 class=\"wp-block-heading\">Sipnosis<\/h2>\n\n\n\n<p>En agosto de 1989, los hermanos Lyle y Erik Menendez, asesinaron a tiros a sus padres, Jos\u00e9 y Mary Louise &#8216;Kitty&#8217; Menendez. <\/p>\n\n\n\n<p>La serie, inspirada en hechos reales, invita a reflexionar sobre cuestiones inc\u00f3modas relacionadas con la justicia, la precisi\u00f3n de los recuerdos traum\u00e1ticos y los l\u00edmites de la empat\u00eda colectiva. Sin embargo, ha sido objeto de cr\u00edticas al tratar de abarcar todos los aspectos del caso, y en ocasiones se desv\u00eda de su enfoque principal, lo que reduce la fuerza de sus temas fundamentales.<\/p>\n\n\n\n<p>La acusaci\u00f3n argument\u00f3 que su prop\u00f3sito era quedarse con la herencia familiar. No obstante, los hermanos, quienes hoy cumplen una condena a cadena perpetua sin opci\u00f3n de libertad condicional, han declarado -y siguen sosteniendo- que actuaron por miedo, tras haber sido v\u00edctimas de abusos f\u00edsicos, emocionales y sexuales a manos de sus padres a lo largo de toda su vida.<\/p>","protected":false},"excerpt":{"rendered":"<p>Puntuaci\u00f3n: &#x2b50;&#x2b50; Nuestra pr\u00f3xima sugerencia acaba de lanzarse y est\u00e1 en boca de todos. Sipnosis En agosto de 1989, los hermanos Lyle y Erik Menendez, asesinaron a tiros a sus padres, Jos\u00e9 y Mary Louise &#8216;Kitty&#8217; Menendez. La serie, inspirada en hechos reales, invita a reflexionar sobre cuestiones inc\u00f3modas relacionadas con la justicia, la precisi\u00f3n &hellip;<\/p>","protected":false},"author":2,"featured_media":21678,"comment_status":"closed","ping_status":"closed","sticky":false,"template":"","format":"standard","meta":{"jetpack_post_was_ever_published":false,"_jetpack_newsletter_access":"","_jetpack_dont_email_post_to_subs":false,"_jetpack_newsletter_tier_id":0,"_jetpack_memberships_contains_paywalled_content":false,"_jetpack_memberships_contains_paid_content":false,"footnotes":"","jetpack_publicize_message":"","jetpack_publicize_feature_enabled":true,"jetpack_social_post_already_shared":true,"jetpack_social_options":{"image_generator_settings":{"template":"highway","default_image_id":0,"font":"","enabled":false},"version":2}},"categories":[734,1007],"tags":[834,1174,1306],"class_list":["post-21677","post","type-post","status-publish","format-standard","has-post-thumbnail","hentry","category-documentales","category-avances","tag-docuserie","tag-dramatizacion","tag-true-crime"],"jetpack_publicize_connections":[],"jetpack_featured_media_url":"https:\/\/www.macquero.com\/wp-content\/uploads\/2024\/09\/ri.jpg","jetpack_sharing_enabled":true,"_links":{"self":[{"href":"https:\/\/www.macquero.com\/en\/wp-json\/wp\/v2\/posts\/21677","targetHints":{"allow":["GET"]}}],"collection":[{"href":"https:\/\/www.macquero.com\/en\/wp-json\/wp\/v2\/posts"}],"about":[{"href":"https:\/\/www.macquero.com\/en\/wp-json\/wp\/v2\/types\/post"}],"author":[{"embeddable":true,"href":"https:\/\/www.macquero.com\/en\/wp-json\/wp\/v2\/users\/2"}],"replies":[{"embeddable":true,"href":"https:\/\/www.macquero.com\/en\/wp-json\/wp\/v2\/comments?post=21677"}],"version-history":[{"count":1,"href":"https:\/\/www.macquero.com\/en\/wp-json\/wp\/v2\/posts\/21677\/revisions"}],"predecessor-version":[{"id":21679,"href":"https:\/\/www.macquero.com\/en\/wp-json\/wp\/v2\/posts\/21677\/revisions\/21679"}],"wp:featuredmedia":[{"embeddable":true,"href":"https:\/\/www.macquero.com\/en\/wp-json\/wp\/v2\/media\/21678"}],"wp:attachment":[{"href":"https:\/\/www.macquero.com\/en\/wp-json\/wp\/v2\/media?parent=21677"}],"wp:term":[{"taxonomy":"category","embeddable":true,"href":"https:\/\/www.macquero.com\/en\/wp-json\/wp\/v2\/categories?post=21677"},{"taxonomy":"post_tag","embeddable":true,"href":"https:\/\/www.macquero.com\/en\/wp-json\/wp\/v2\/tags?post=21677"}],"curies":[{"name":"wp","href":"https:\/\/api.w.org\/{rel}","templated":true}]}}