{"id":21657,"date":"2024-09-11T00:20:00","date_gmt":"2024-09-11T06:20:00","guid":{"rendered":"https:\/\/www.macquero.com\/?p=21657"},"modified":"2024-09-10T22:11:50","modified_gmt":"2024-09-11T04:11:50","slug":"apple-ha-presentado-la-cuarta-generacion-de-los-airpods-y-una-version-mejorada-de-los-airpods-max","status":"publish","type":"post","link":"https:\/\/www.macquero.com\/en\/2024\/09\/apple-ha-presentado-la-cuarta-generacion-de-los-airpods-y-una-version-mejorada-de-los-airpods-max\/","title":{"rendered":"Apple ha presentado la cuarta generaci\u00f3n de los AirPods y una versi\u00f3n mejorada de los AirPods Max."},"content":{"rendered":"<p>La nueva generaci\u00f3n de AirPods incluye aprendizaje autom\u00e1tico para mejorar la calidad de las llamadas, integraci\u00f3n con Siri, un puerto USB-C y una autonom\u00eda de hasta 30 horas. Por otro lado, los AirPods Max 2 cuentan con el chip H2 en cada auricular, compatibilidad con el conector USB-C y una duraci\u00f3n de bater\u00eda de hasta 20 horas.<\/p>\n\n\n\n<p>Apple anunci\u00f3 el lunes 10 de septiembre la cuarta generaci\u00f3n de los AirPods, dise\u00f1ados con un sistema de modelado 3D y presentados como los auriculares \u201cm\u00e1s c\u00f3modos hasta la fecha\u201d gracias a su dise\u00f1o abierto tipo \u2018open-ear\u2019.<\/p>\n\n\n\n<p>Entre las principales novedades, la compa\u00f1\u00eda de Tim Cook ha introducido graves m\u00e1s profundos, agudos m\u00e1s claros, soporte para audio espacial personalizado con seguimiento din\u00e1mico de la cabeza, una experiencia de sonido completamente inmersiva, aprendizaje autom\u00e1tico en la funci\u00f3n \u2018Aislamiento de Voz\u2019 para mejorar la claridad de las llamadas, interacciones con Siri, el chip H2, un estuche de carga USB-C, carga inal\u00e1mbrica, cancelaci\u00f3n activa de ruido (una caracter\u00edstica que antes era exclusiva de los AirPods Pro), un nuevo modo de transparencia y hasta 30 horas de autonom\u00eda.<\/p>\n\n\n\n<p>Finalmente, el bast\u00f3n de los auriculares incluye una franja t\u00e1ctil para configurar diversas funciones: reproducir contenido, pausarlo o activar\/desactivar el micr\u00f3fono durante las llamadas con un simple toque.<\/p>","protected":false},"excerpt":{"rendered":"<p>La nueva generaci\u00f3n de AirPods incluye aprendizaje autom\u00e1tico para mejorar la calidad de las llamadas, integraci\u00f3n con Siri, un puerto USB-C y una autonom\u00eda de hasta 30 horas. Por otro lado, los AirPods Max 2 cuentan con el chip H2 en cada auricular, compatibilidad con el conector USB-C y una duraci\u00f3n de bater\u00eda de hasta &hellip;<\/p>","protected":false},"author":2,"featured_media":21658,"comment_status":"closed","ping_status":"closed","sticky":false,"template":"","format":"standard","meta":{"jetpack_post_was_ever_published":false,"_jetpack_newsletter_access":"","_jetpack_dont_email_post_to_subs":false,"_jetpack_newsletter_tier_id":0,"_jetpack_memberships_contains_paywalled_content":false,"_jetpack_memberships_contains_paid_content":false,"footnotes":"","jetpack_publicize_message":"","jetpack_publicize_feature_enabled":true,"jetpack_social_post_already_shared":true,"jetpack_social_options":{"image_generator_settings":{"template":"highway","default_image_id":0,"font":"","enabled":false},"version":2}},"categories":[5],"tags":[1371],"class_list":["post-21657","post","type-post","status-publish","format-standard","has-post-thumbnail","hentry","category-apple","tag-airpods"],"jetpack_publicize_connections":[],"jetpack_featured_media_url":"https:\/\/www.macquero.com\/wp-content\/uploads\/2024\/09\/pp2.jpg","jetpack_sharing_enabled":true,"_links":{"self":[{"href":"https:\/\/www.macquero.com\/en\/wp-json\/wp\/v2\/posts\/21657","targetHints":{"allow":["GET"]}}],"collection":[{"href":"https:\/\/www.macquero.com\/en\/wp-json\/wp\/v2\/posts"}],"about":[{"href":"https:\/\/www.macquero.com\/en\/wp-json\/wp\/v2\/types\/post"}],"author":[{"embeddable":true,"href":"https:\/\/www.macquero.com\/en\/wp-json\/wp\/v2\/users\/2"}],"replies":[{"embeddable":true,"href":"https:\/\/www.macquero.com\/en\/wp-json\/wp\/v2\/comments?post=21657"}],"version-history":[{"count":1,"href":"https:\/\/www.macquero.com\/en\/wp-json\/wp\/v2\/posts\/21657\/revisions"}],"predecessor-version":[{"id":21659,"href":"https:\/\/www.macquero.com\/en\/wp-json\/wp\/v2\/posts\/21657\/revisions\/21659"}],"wp:featuredmedia":[{"embeddable":true,"href":"https:\/\/www.macquero.com\/en\/wp-json\/wp\/v2\/media\/21658"}],"wp:attachment":[{"href":"https:\/\/www.macquero.com\/en\/wp-json\/wp\/v2\/media?parent=21657"}],"wp:term":[{"taxonomy":"category","embeddable":true,"href":"https:\/\/www.macquero.com\/en\/wp-json\/wp\/v2\/categories?post=21657"},{"taxonomy":"post_tag","embeddable":true,"href":"https:\/\/www.macquero.com\/en\/wp-json\/wp\/v2\/tags?post=21657"}],"curies":[{"name":"wp","href":"https:\/\/api.w.org\/{rel}","templated":true}]}}