{"id":21506,"date":"2024-07-29T00:20:00","date_gmt":"2024-07-29T06:20:00","guid":{"rendered":"https:\/\/www.macquero.com\/?p=21506"},"modified":"2024-08-28T12:21:41","modified_gmt":"2024-08-28T18:21:41","slug":"vision-pro-a-precios-mas-accesibles-estos-son-los-planes-de-apple-para-su-dispositivo-mas-avanzado","status":"publish","type":"post","link":"https:\/\/www.macquero.com\/en\/2024\/07\/vision-pro-a-precios-mas-accesibles-estos-son-los-planes-de-apple-para-su-dispositivo-mas-avanzado\/","title":{"rendered":"\u00bfVision Pro a precios m\u00e1s accesibles? Estos son los planes de Apple para su dispositivo m\u00e1s avanzado."},"content":{"rendered":"<p>Parece que Apple ha detenido el desarrollo de las <strong>Apple Vision Pro 2<\/strong> para enfocarse en una versi\u00f3n m\u00e1s econ\u00f3mica. Apple ha comunicado a algunos proveedores que el avance en las pr\u00f3ximos lentes de gama alta se ha suspendido para lanzar un modelo m\u00e1s accesible.<\/p>\n\n\n\n<h2 class=\"wp-block-heading\">\u00bfUnas Apple Vision Pro m\u00e1s baratas?<\/h2>\n\n\n\n<p>Este dispositivo, lanzado exclusivamente en EE. UU. hace aproximadamente cuatro meses, impresion\u00f3 por su avanzado despliegue tecnol\u00f3gico, pero su alto costo (3.500 d\u00f3lares m\u00e1s impuestos) y su enfoque premium parecen estar llevando a la compa\u00f1\u00eda a reconsiderar su estrategia.<\/p>\n\n\n\n<p>Aunque ofrece una experiencia destacada, no est\u00e1 exento de fallos o imperfecciones, y los rumores surgen en medio de una posible disminuci\u00f3n en las ventas del producto debido a su precio, aplicaciones y comodidad. Hay que recordar que la idea de ofrecer unos lentes a un precio m\u00e1s bajo no es nueva, ya que en 2022 se pens\u00f3 en un modelo con un precio de 1.600 d\u00f3lares.<\/p>\n\n\n\n<p>Seg\u00fan el medio, el nuevo plan de Apple es lanzar una versi\u00f3n m\u00e1s asequible a finales de 2025 (originalmente previsto para finales de 2024). Esta versi\u00f3n ser\u00eda un tercio m\u00e1s ligera y prescindir\u00eda de varias funciones para reducir costos, aunque mantendr\u00eda las pantallas de alta resoluci\u00f3n. Se cree que el modelo se denomina N109.<\/p>\n\n\n\n<blockquote class=\"wp-block-quote is-layout-flow wp-block-quote-is-layout-flow\">\n<p>El objetivo es reducir el precio sin eliminar demasiadas caracter\u00edsticas.<\/p>\n<\/blockquote>\n\n\n\n<p> La meta es situar el costo entre 1.000 y 1.500 d\u00f3lares, alineado con el precio de un iPhone de gama alta. Esta estrategia podr\u00eda proporcionar el impulso necesario para lograr tener \u00e9xito.<\/p>","protected":false},"excerpt":{"rendered":"<p>Parece que Apple ha detenido el desarrollo de las Apple Vision Pro 2 para enfocarse en una versi\u00f3n m\u00e1s econ\u00f3mica. Apple ha comunicado a algunos proveedores que el avance en las pr\u00f3ximos lentes de gama alta se ha suspendido para lanzar un modelo m\u00e1s accesible. \u00bfUnas Apple Vision Pro m\u00e1s baratas? Este dispositivo, lanzado exclusivamente &hellip;<\/p>","protected":false},"author":2,"featured_media":21609,"comment_status":"closed","ping_status":"closed","sticky":false,"template":"","format":"standard","meta":{"jetpack_post_was_ever_published":false,"_jetpack_newsletter_access":"","_jetpack_dont_email_post_to_subs":false,"_jetpack_newsletter_tier_id":0,"_jetpack_memberships_contains_paywalled_content":false,"_jetpack_memberships_contains_paid_content":false,"footnotes":"","jetpack_publicize_message":"","jetpack_publicize_feature_enabled":true,"jetpack_social_post_already_shared":true,"jetpack_social_options":{"image_generator_settings":{"template":"highway","default_image_id":0,"font":"","enabled":false},"version":2}},"categories":[5,1315],"tags":[1074],"class_list":["post-21506","post","type-post","status-publish","format-standard","has-post-thumbnail","hentry","category-apple","category-vision-pro","tag-rumores"],"jetpack_publicize_connections":[],"jetpack_featured_media_url":"https:\/\/www.macquero.com\/wp-content\/uploads\/2024\/07\/vision-pro-concept.jpeg","jetpack_sharing_enabled":true,"_links":{"self":[{"href":"https:\/\/www.macquero.com\/en\/wp-json\/wp\/v2\/posts\/21506","targetHints":{"allow":["GET"]}}],"collection":[{"href":"https:\/\/www.macquero.com\/en\/wp-json\/wp\/v2\/posts"}],"about":[{"href":"https:\/\/www.macquero.com\/en\/wp-json\/wp\/v2\/types\/post"}],"author":[{"embeddable":true,"href":"https:\/\/www.macquero.com\/en\/wp-json\/wp\/v2\/users\/2"}],"replies":[{"embeddable":true,"href":"https:\/\/www.macquero.com\/en\/wp-json\/wp\/v2\/comments?post=21506"}],"version-history":[{"count":2,"href":"https:\/\/www.macquero.com\/en\/wp-json\/wp\/v2\/posts\/21506\/revisions"}],"predecessor-version":[{"id":21509,"href":"https:\/\/www.macquero.com\/en\/wp-json\/wp\/v2\/posts\/21506\/revisions\/21509"}],"wp:featuredmedia":[{"embeddable":true,"href":"https:\/\/www.macquero.com\/en\/wp-json\/wp\/v2\/media\/21609"}],"wp:attachment":[{"href":"https:\/\/www.macquero.com\/en\/wp-json\/wp\/v2\/media?parent=21506"}],"wp:term":[{"taxonomy":"category","embeddable":true,"href":"https:\/\/www.macquero.com\/en\/wp-json\/wp\/v2\/categories?post=21506"},{"taxonomy":"post_tag","embeddable":true,"href":"https:\/\/www.macquero.com\/en\/wp-json\/wp\/v2\/tags?post=21506"}],"curies":[{"name":"wp","href":"https:\/\/api.w.org\/{rel}","templated":true}]}}