{"id":21493,"date":"2024-07-25T00:20:00","date_gmt":"2024-07-25T06:20:00","guid":{"rendered":"https:\/\/www.macquero.com\/?p=21493"},"modified":"2024-08-28T12:33:04","modified_gmt":"2024-08-28T18:33:04","slug":"el-modelo-mas-costoso-del-proximo-iphone-podria-sorprender-con-sus-camaras","status":"publish","type":"post","link":"https:\/\/www.macquero.com\/en\/2024\/07\/el-modelo-mas-costoso-del-proximo-iphone-podria-sorprender-con-sus-camaras\/","title":{"rendered":"El modelo m\u00e1s costoso del pr\u00f3ximo iPhone podr\u00eda sorprender con sus c\u00e1maras."},"content":{"rendered":"<p>En la pr\u00f3xima Keynote de Apple, que se celebrar\u00e1 en septiembre de este a\u00f1o, se presentar\u00e1 oficialmente el nuevo iPhone 16. Hasta entonces, los rumores y filtraciones sobre el tel\u00e9fono m\u00f3vil de la marca seguir\u00e1n circulando.<\/p>\n\n\n\n<p>Respecto a sus c\u00e1maras, ya se ha conocido informaci\u00f3n que indica una serie de mejoras en el hardware del iPhone 16 Pro y iPhone 16 Pro Max. Ahora, una nueva filtraci\u00f3n asegura que habr\u00e1 otro avance significativo.<\/p>\n\n\n\n<h2 class=\"wp-block-heading\">La c\u00e1mara del iPhone 16 Pro Max podr\u00eda incluir sensores de gran tama\u00f1o.<\/h2>\n\n\n\n<p>Seg\u00fan informa MacRumors, parece que el nuevo iPhone 16 Pro Max contar\u00e1 con un sensor Sony IMX903 en lugar del IMX803 utilizado en el iPhone 15 Pro Max. Este sensor seguir\u00eda siendo de 48MP, pero incorporar\u00eda mejoras fotogr\u00e1ficas. La informaci\u00f3n sobre este sensor ha estado circulando desde hace tiempo, por lo que es probable que Apple lo destine a su modelo m\u00e1s caro.<\/p>\n\n\n\n<p>Entre las novedades de este nuevo sensor se encuentra un dise\u00f1o apilado y un convertidor ADC (de  anal\u00f3gico a digital) de 14 bits, lo que mejorar\u00eda el rendimiento. Adem\u00e1s, se a\u00f1adir\u00eda un sistema de control para un rango din\u00e1mico m\u00e1s amplio, mejorando los resultados en cuanto al ruido y produciendo fotos m\u00e1s detalladas.<\/p>\n\n\n\n<h2 class=\"wp-block-heading\">Lo nuevo<\/h2>\n\n\n\n<p>Algo muy novedoso que Apple podr\u00eda estar preparando es un gran salto en su c\u00e1mara ultra gran angular. Seg\u00fan se informa, esta c\u00e1mara pasar\u00e1 de los actuales 12MP a 48MP, lo que ofrecer\u00eda una mayor resoluci\u00f3n y m\u00e1s detalles, ya que podr\u00eda captar m\u00e1s luz y mejorar la calidad de la imagen resultante.<\/p>\n\n\n\n<p>El iPhone 16 Pro tambi\u00e9n tendr\u00e1 novedades. La misma fuente afirma que contar\u00e1 con una c\u00e1mara ultra gran angular de 48MP y que su teleobjetivo se actualizar\u00e1 para igualar el zoom de 5x del iPhone 15 Pro Max, aunque la c\u00e1mara principal no sufrir\u00e1 cambios. <\/p>\n\n\n\n<p>No es la primera vez que se escucha que ambos modelos de iPhone 16 Pro tendr\u00e1n una c\u00e1mara ultra gran angular de 48MP, por lo que esto podr\u00eda hacerse realidad en septiembre.<\/p>","protected":false},"excerpt":{"rendered":"<p>En la pr\u00f3xima Keynote de Apple, que se celebrar\u00e1 en septiembre de este a\u00f1o, se presentar\u00e1 oficialmente el nuevo iPhone 16. Hasta entonces, los rumores y filtraciones sobre el tel\u00e9fono m\u00f3vil de la marca seguir\u00e1n circulando. Respecto a sus c\u00e1maras, ya se ha conocido informaci\u00f3n que indica una serie de mejoras en el hardware del &hellip;<\/p>","protected":false},"author":2,"featured_media":21615,"comment_status":"closed","ping_status":"closed","sticky":false,"template":"","format":"standard","meta":{"jetpack_post_was_ever_published":false,"_jetpack_newsletter_access":"","_jetpack_dont_email_post_to_subs":false,"_jetpack_newsletter_tier_id":0,"_jetpack_memberships_contains_paywalled_content":false,"_jetpack_memberships_contains_paid_content":false,"footnotes":"","jetpack_publicize_message":"","jetpack_publicize_feature_enabled":true,"jetpack_social_post_already_shared":true,"jetpack_social_options":{"image_generator_settings":{"template":"highway","default_image_id":0,"font":"","enabled":false},"version":2}},"categories":[5,1054],"tags":[286],"class_list":["post-21493","post","type-post","status-publish","format-standard","has-post-thumbnail","hentry","category-apple","category-rumores","tag-novedades"],"jetpack_publicize_connections":[],"jetpack_featured_media_url":"https:\/\/www.macquero.com\/wp-content\/uploads\/2024\/07\/iphone-camera.jpeg","jetpack_sharing_enabled":true,"_links":{"self":[{"href":"https:\/\/www.macquero.com\/en\/wp-json\/wp\/v2\/posts\/21493","targetHints":{"allow":["GET"]}}],"collection":[{"href":"https:\/\/www.macquero.com\/en\/wp-json\/wp\/v2\/posts"}],"about":[{"href":"https:\/\/www.macquero.com\/en\/wp-json\/wp\/v2\/types\/post"}],"author":[{"embeddable":true,"href":"https:\/\/www.macquero.com\/en\/wp-json\/wp\/v2\/users\/2"}],"replies":[{"embeddable":true,"href":"https:\/\/www.macquero.com\/en\/wp-json\/wp\/v2\/comments?post=21493"}],"version-history":[{"count":1,"href":"https:\/\/www.macquero.com\/en\/wp-json\/wp\/v2\/posts\/21493\/revisions"}],"predecessor-version":[{"id":21495,"href":"https:\/\/www.macquero.com\/en\/wp-json\/wp\/v2\/posts\/21493\/revisions\/21495"}],"wp:featuredmedia":[{"embeddable":true,"href":"https:\/\/www.macquero.com\/en\/wp-json\/wp\/v2\/media\/21615"}],"wp:attachment":[{"href":"https:\/\/www.macquero.com\/en\/wp-json\/wp\/v2\/media?parent=21493"}],"wp:term":[{"taxonomy":"category","embeddable":true,"href":"https:\/\/www.macquero.com\/en\/wp-json\/wp\/v2\/categories?post=21493"},{"taxonomy":"post_tag","embeddable":true,"href":"https:\/\/www.macquero.com\/en\/wp-json\/wp\/v2\/tags?post=21493"}],"curies":[{"name":"wp","href":"https:\/\/api.w.org\/{rel}","templated":true}]}}