{"id":21478,"date":"2024-07-23T00:20:00","date_gmt":"2024-07-23T06:20:00","guid":{"rendered":"https:\/\/www.macquero.com\/?p=21478"},"modified":"2024-08-28T12:38:31","modified_gmt":"2024-08-28T18:38:31","slug":"tim-cook-en-referencia-a-los-nuevos-lentes-de-apple-afirmo-aquellos-que-las-prueban-suelen-emocionarse-hasta-con-lagrimas","status":"publish","type":"post","link":"https:\/\/www.macquero.com\/en\/2024\/07\/tim-cook-en-referencia-a-los-nuevos-lentes-de-apple-afirmo-aquellos-que-las-prueban-suelen-emocionarse-hasta-con-lagrimas\/","title":{"rendered":"Tim Cook, en referencia a los nuevos lentes de Apple, afirm\u00f3: &#8220;Aquellos que las prueban suelen emocionarse hasta con l\u00e1grimas.&#8221;"},"content":{"rendered":"<p>Uno de los productos tecnol\u00f3gicos m\u00e1s destacados lanzados en 2024 son las gafas Apple Vision Pro. Este dispositivo permite visualizar aplicaciones y pantallas flotantes que se superponen (o sustituyen) al entorno real.<\/p>\n\n\n\n<p>En una entrevista con <a href=\"https:\/\/www.thesun.co.uk\/tech\/29121195\/apple-vision-pro-spatial-photos-videos-tim-cook\/\" data-type=\"link\" data-id=\"https:\/\/www.thesun.co.uk\/tech\/29121195\/apple-vision-pro-spatial-photos-videos-tim-cook\/\" target=\"_blank\" rel=\"noreferrer noopener\">The Sun<\/a>, el director ejecutivo de Apple, <strong>Tim Cook<\/strong>, describi\u00f3 las primeras reacciones a las <strong>Vision Pro<\/strong>. &#8220;Participar en una demostraci\u00f3n es una experiencia emotiva&#8221;, coment\u00f3.<\/p>\n\n\n\n<blockquote class=\"wp-block-quote is-layout-flow wp-block-quote-is-layout-flow\">\n<p>Por eso animo a todos a visitar su tienda Apple local para obtener una demostraci\u00f3n. Es fascinante observar las reacciones de las personas.<\/p>\n<cite>continu\u00f3 el directivo de la marca.<\/cite><\/blockquote>\n\n\n\n<blockquote class=\"wp-block-quote is-layout-flow wp-block-quote-is-layout-flow\">\n<p>Muchos de ellos se emocionan hasta las l\u00e1grimas, al ver sus fotograf\u00edas en Vision Pro, es casi como si estuvieras all\u00ed nuevamente.<\/p>\n<cite>comenta Tim Cook, de 63 a\u00f1os.<\/cite><\/blockquote>","protected":false},"excerpt":{"rendered":"<p>Uno de los productos tecnol\u00f3gicos m\u00e1s destacados lanzados en 2024 son las gafas Apple Vision Pro. Este dispositivo permite visualizar aplicaciones y pantallas flotantes que se superponen (o sustituyen) al entorno real. En una entrevista con The Sun, el director ejecutivo de Apple, Tim Cook, describi\u00f3 las primeras reacciones a las Vision Pro. &#8220;Participar en &hellip;<\/p>","protected":false},"author":2,"featured_media":21616,"comment_status":"closed","ping_status":"closed","sticky":false,"template":"","format":"standard","meta":{"jetpack_post_was_ever_published":false,"_jetpack_newsletter_access":"","_jetpack_dont_email_post_to_subs":false,"_jetpack_newsletter_tier_id":0,"_jetpack_memberships_contains_paywalled_content":false,"_jetpack_memberships_contains_paid_content":false,"footnotes":"","jetpack_publicize_message":"","jetpack_publicize_feature_enabled":true,"jetpack_social_post_already_shared":true,"jetpack_social_options":{"image_generator_settings":{"template":"highway","default_image_id":0,"font":"","enabled":false},"version":2}},"categories":[5,1315],"tags":[1357],"class_list":["post-21478","post","type-post","status-publish","format-standard","has-post-thumbnail","hentry","category-apple","category-vision-pro","tag-tim-cook"],"jetpack_publicize_connections":[],"jetpack_featured_media_url":"https:\/\/www.macquero.com\/wp-content\/uploads\/2024\/07\/guy-using-vision-pro.jpeg","jetpack_sharing_enabled":true,"_links":{"self":[{"href":"https:\/\/www.macquero.com\/en\/wp-json\/wp\/v2\/posts\/21478","targetHints":{"allow":["GET"]}}],"collection":[{"href":"https:\/\/www.macquero.com\/en\/wp-json\/wp\/v2\/posts"}],"about":[{"href":"https:\/\/www.macquero.com\/en\/wp-json\/wp\/v2\/types\/post"}],"author":[{"embeddable":true,"href":"https:\/\/www.macquero.com\/en\/wp-json\/wp\/v2\/users\/2"}],"replies":[{"embeddable":true,"href":"https:\/\/www.macquero.com\/en\/wp-json\/wp\/v2\/comments?post=21478"}],"version-history":[{"count":5,"href":"https:\/\/www.macquero.com\/en\/wp-json\/wp\/v2\/posts\/21478\/revisions"}],"predecessor-version":[{"id":21486,"href":"https:\/\/www.macquero.com\/en\/wp-json\/wp\/v2\/posts\/21478\/revisions\/21486"}],"wp:featuredmedia":[{"embeddable":true,"href":"https:\/\/www.macquero.com\/en\/wp-json\/wp\/v2\/media\/21616"}],"wp:attachment":[{"href":"https:\/\/www.macquero.com\/en\/wp-json\/wp\/v2\/media?parent=21478"}],"wp:term":[{"taxonomy":"category","embeddable":true,"href":"https:\/\/www.macquero.com\/en\/wp-json\/wp\/v2\/categories?post=21478"},{"taxonomy":"post_tag","embeddable":true,"href":"https:\/\/www.macquero.com\/en\/wp-json\/wp\/v2\/tags?post=21478"}],"curies":[{"name":"wp","href":"https:\/\/api.w.org\/{rel}","templated":true}]}}