{"id":21463,"date":"2024-07-20T00:20:00","date_gmt":"2024-07-20T06:20:00","guid":{"rendered":"https:\/\/www.macquero.com\/?p=21463"},"modified":"2024-07-19T12:22:05","modified_gmt":"2024-07-19T18:22:05","slug":"the-warriors","status":"publish","type":"post","link":"https:\/\/www.macquero.com\/en\/2024\/07\/the-warriors\/","title":{"rendered":"The Warriors."},"content":{"rendered":"<p>No estoy seguro si esta pel\u00edcula te podr\u00eda interesar, pero cuando la vi en Apple TV, aprovech\u00e9 la oportunidad.<\/p>\n\n\n\n<h2 class=\"wp-block-heading\">Sipnosis<\/h2>\n\n\n\n<p>Durante una noche del verano de 1979, una pandilla, injustamente acusada de haber asesinado a un carism\u00e1tico l\u00edder durante una reuni\u00f3n en la que se pretend\u00eda unir a todos las pandillas de Nueva York, debe cruzar por la noche toda la ciudad de norte a sur, enfrent\u00e1ndose a todas las dem\u00e1s bandas, para\u00a0regresar vivos a su barrio y desenmascarar al verdadero asesino.<\/p>\n\n\n\n<h2 class=\"wp-block-heading\">Contexto<\/h2>\n\n\n\n<p><strong>&#8220;The Warriors&#8221; es una pel\u00edcula de culto<\/strong> <strong>estrenada a finales de los setenta<\/strong>, dirigida por Walter Hill, conocido por cintas como &#8220;Danko: Calor Rojo&#8221;, &#8220;48 Horas&#8221;, &#8220;La Huida&#8221; y &#8220;Calles de Fuego&#8221;. Esta pel\u00edcula relata la historia de las pandillas de Nueva York a finales de los a\u00f1os setenta. <\/p>\n\n\n\n<p>La trama comienza con una reuni\u00f3n entre todas las pandillas de la ciudad, en la cual se propone una tregua para cesar las peleas. Sin embargo, todo cambia cuando Cyrus, el l\u00edder de la pandilla m\u00e1s poderosa, es asesinado y los verdaderos culpables acusan a los Warriors. A partir de ese momento, los Warriors se ven envueltos en una fren\u00e9tica persecuci\u00f3n mientras intentan regresar a su territorio, siendo perseguidos por todas las pandillas de la ciudad.<\/p>\n\n\n\n<p>No es una pel\u00edcula con mucha acci\u00f3n ni muestra algo extraordinario. Sin embargo, me pareci\u00f3 interesante verla nuevamente despu\u00e9s de 45 a\u00f1os. Imag\u00ednense, ten\u00eda solo 15 a\u00f1os cuando la vi por primera vez.<\/p>\n\n\n\n<p>Calificaci\u00f3n: &#x2b50;&#x2b50;<\/p>\n\n\n\n<p>Disponible para rentar o comprar en la tienda de <a href=\"https:\/\/tv.apple.com\/mx\/movie\/the-warriors\/umc.cmc.6uw4dtwndqk43z42hnfmasrrg\" data-type=\"link\" data-id=\"https:\/\/tv.apple.com\/mx\/movie\/the-warriors\/umc.cmc.6uw4dtwndqk43z42hnfmasrrg\" target=\"_blank\" rel=\"noreferrer noopener\">\uf8ffTV<\/a>.<\/p>","protected":false},"excerpt":{"rendered":"<p>No estoy seguro si esta pel\u00edcula te podr\u00eda interesar, pero cuando la vi en Apple TV, aprovech\u00e9 la oportunidad. Sipnosis Durante una noche del verano de 1979, una pandilla, injustamente acusada de haber asesinado a un carism\u00e1tico l\u00edder durante una reuni\u00f3n en la que se pretend\u00eda unir a todos las pandillas de Nueva York, debe &hellip;<\/p>","protected":false},"author":2,"featured_media":21464,"comment_status":"closed","ping_status":"closed","sticky":false,"template":"","format":"standard","meta":{"jetpack_post_was_ever_published":false,"_jetpack_newsletter_access":"","_jetpack_dont_email_post_to_subs":false,"_jetpack_newsletter_tier_id":0,"_jetpack_memberships_contains_paywalled_content":false,"_jetpack_memberships_contains_paid_content":false,"footnotes":"","jetpack_publicize_message":"","jetpack_publicize_feature_enabled":true,"jetpack_social_post_already_shared":true,"jetpack_social_options":{"image_generator_settings":{"template":"highway","default_image_id":0,"font":"","enabled":false},"version":2}},"categories":[689,1027],"tags":[1346,1298],"class_list":["post-21463","post","type-post","status-publish","format-standard","has-post-thumbnail","hentry","category-drama","category-retro2","tag-drama-de-accion","tag-retro"],"jetpack_publicize_connections":[],"jetpack_featured_media_url":"https:\/\/www.macquero.com\/wp-content\/uploads\/2024\/07\/rr.jpg","jetpack_sharing_enabled":true,"_links":{"self":[{"href":"https:\/\/www.macquero.com\/en\/wp-json\/wp\/v2\/posts\/21463","targetHints":{"allow":["GET"]}}],"collection":[{"href":"https:\/\/www.macquero.com\/en\/wp-json\/wp\/v2\/posts"}],"about":[{"href":"https:\/\/www.macquero.com\/en\/wp-json\/wp\/v2\/types\/post"}],"author":[{"embeddable":true,"href":"https:\/\/www.macquero.com\/en\/wp-json\/wp\/v2\/users\/2"}],"replies":[{"embeddable":true,"href":"https:\/\/www.macquero.com\/en\/wp-json\/wp\/v2\/comments?post=21463"}],"version-history":[{"count":1,"href":"https:\/\/www.macquero.com\/en\/wp-json\/wp\/v2\/posts\/21463\/revisions"}],"predecessor-version":[{"id":21465,"href":"https:\/\/www.macquero.com\/en\/wp-json\/wp\/v2\/posts\/21463\/revisions\/21465"}],"wp:featuredmedia":[{"embeddable":true,"href":"https:\/\/www.macquero.com\/en\/wp-json\/wp\/v2\/media\/21464"}],"wp:attachment":[{"href":"https:\/\/www.macquero.com\/en\/wp-json\/wp\/v2\/media?parent=21463"}],"wp:term":[{"taxonomy":"category","embeddable":true,"href":"https:\/\/www.macquero.com\/en\/wp-json\/wp\/v2\/categories?post=21463"},{"taxonomy":"post_tag","embeddable":true,"href":"https:\/\/www.macquero.com\/en\/wp-json\/wp\/v2\/tags?post=21463"}],"curies":[{"name":"wp","href":"https:\/\/api.w.org\/{rel}","templated":true}]}}