{"id":21456,"date":"2024-07-17T15:20:08","date_gmt":"2024-07-17T21:20:08","guid":{"rendered":"https:\/\/www.macquero.com\/?p=21456"},"modified":"2024-07-17T15:20:11","modified_gmt":"2024-07-17T21:20:11","slug":"el-caso-yara-gambirasio-il-caso-yara-oltre-ogni-ragionevole-dubbio","status":"publish","type":"post","link":"https:\/\/www.macquero.com\/en\/2024\/07\/el-caso-yara-gambirasio-il-caso-yara-oltre-ogni-ragionevole-dubbio\/","title":{"rendered":"El caso Yara Gambirasio. &#8211; Il Caso Yara: Oltre ogni ragionevole dubbio."},"content":{"rendered":"<p>Puntuaci\u00f3n: &#x2b50;&#x2b50;&#x2b50;&#x2b50;<\/p>\n\n\n\n<p>Nuestra pr\u00f3xima sugerencia es una representaci\u00f3n dram\u00e1tica de un crimen ver\u00eddico.<\/p>\n\n\n\n<h2 class=\"wp-block-heading\">Sipnosis<\/h2>\n\n\n\n<p>Indaga en la desaparici\u00f3n de Yara, una ni\u00f1a de 13 a\u00f1os, y en la desconcertante investigaci\u00f3n que perturb\u00f3 la paz de un pueblecito italiano.<\/p>\n\n\n\n<p>No quiero contarte para no estropear los detalles. Bossetti fue detenido en una de las construcciones donde trabajaba como alba\u00f1il e intent\u00f3 escapar. Aunque nunca admiti\u00f3 su delito, las pruebas presentadas por la fiscal Ruggieri eran irrefutables.<\/p>\n\n\n\n<p>Una historia de terror que, como tantas otras de su g\u00e9nero, oculta oscuros secretos en cada rinc\u00f3n, me dej\u00f3 sin palabras.<\/p>","protected":false},"excerpt":{"rendered":"<p>Puntuaci\u00f3n: &#x2b50;&#x2b50;&#x2b50;&#x2b50; Nuestra pr\u00f3xima sugerencia es una representaci\u00f3n dram\u00e1tica de un crimen ver\u00eddico. Sipnosis Indaga en la desaparici\u00f3n de Yara, una ni\u00f1a de 13 a\u00f1os, y en la desconcertante investigaci\u00f3n que perturb\u00f3 la paz de un pueblecito italiano. No quiero contarte para no estropear los detalles. Bossetti fue detenido en una de las construcciones donde &hellip;<\/p>","protected":false},"author":2,"featured_media":21457,"comment_status":"closed","ping_status":"closed","sticky":false,"template":"","format":"standard","meta":{"jetpack_post_was_ever_published":false,"_jetpack_newsletter_access":"","_jetpack_dont_email_post_to_subs":false,"_jetpack_newsletter_tier_id":0,"_jetpack_memberships_contains_paywalled_content":false,"_jetpack_memberships_contains_paid_content":false,"footnotes":"","jetpack_publicize_message":"","jetpack_publicize_feature_enabled":true,"jetpack_social_post_already_shared":true,"jetpack_social_options":{"image_generator_settings":{"template":"highway","default_image_id":0,"font":"","enabled":false},"version":2}},"categories":[734,733],"tags":[933,834,1306],"class_list":["post-21456","post","type-post","status-publish","format-standard","has-post-thumbnail","hentry","category-documentales","category-originales-de-netflix","tag-documentales-de-investigacion","tag-docuserie","tag-true-crime"],"jetpack_publicize_connections":[],"jetpack_featured_media_url":"https:\/\/www.macquero.com\/wp-content\/uploads\/2024\/07\/ag.jpg","jetpack_sharing_enabled":true,"_links":{"self":[{"href":"https:\/\/www.macquero.com\/en\/wp-json\/wp\/v2\/posts\/21456","targetHints":{"allow":["GET"]}}],"collection":[{"href":"https:\/\/www.macquero.com\/en\/wp-json\/wp\/v2\/posts"}],"about":[{"href":"https:\/\/www.macquero.com\/en\/wp-json\/wp\/v2\/types\/post"}],"author":[{"embeddable":true,"href":"https:\/\/www.macquero.com\/en\/wp-json\/wp\/v2\/users\/2"}],"replies":[{"embeddable":true,"href":"https:\/\/www.macquero.com\/en\/wp-json\/wp\/v2\/comments?post=21456"}],"version-history":[{"count":1,"href":"https:\/\/www.macquero.com\/en\/wp-json\/wp\/v2\/posts\/21456\/revisions"}],"predecessor-version":[{"id":21458,"href":"https:\/\/www.macquero.com\/en\/wp-json\/wp\/v2\/posts\/21456\/revisions\/21458"}],"wp:featuredmedia":[{"embeddable":true,"href":"https:\/\/www.macquero.com\/en\/wp-json\/wp\/v2\/media\/21457"}],"wp:attachment":[{"href":"https:\/\/www.macquero.com\/en\/wp-json\/wp\/v2\/media?parent=21456"}],"wp:term":[{"taxonomy":"category","embeddable":true,"href":"https:\/\/www.macquero.com\/en\/wp-json\/wp\/v2\/categories?post=21456"},{"taxonomy":"post_tag","embeddable":true,"href":"https:\/\/www.macquero.com\/en\/wp-json\/wp\/v2\/tags?post=21456"}],"curies":[{"name":"wp","href":"https:\/\/api.w.org\/{rel}","templated":true}]}}