{"id":21441,"date":"2024-07-13T00:41:10","date_gmt":"2024-07-13T06:41:10","guid":{"rendered":"https:\/\/www.macquero.com\/?p=21441"},"modified":"2024-07-13T00:44:35","modified_gmt":"2024-07-13T06:44:35","slug":"vikingos-valhalla","status":"publish","type":"post","link":"https:\/\/www.macquero.com\/en\/2024\/07\/vikingos-valhalla\/","title":{"rendered":"Vikingos: Valhalla. Temporada 3."},"content":{"rendered":"<p>Puntuaci\u00f3n: &#x2b50;&#x2b50;&#x2b50;&#x2b50;&#x2b50;<\/p>\n\n\n\n<p>Nuestra siguiente recomendaci\u00f3n es tendencia.<\/p>\n\n\n\n<h2 class=\"wp-block-heading\">Sipnosis<\/h2>\n\n\n\n<p>Las aventuras de una nueva generaci\u00f3n de vikingos famosos mientras abren nuevos caminos en una Europa en constante cambio.<\/p>\n\n\n\n<p>Esta secuela transcurre un siglo despu\u00e9s de los eventos de Vikingos, en un momento en que las tensiones entre los guerreros n\u00f3rdicos y la nobleza inglesa han alcanzado un punto cr\u00edtico, resultando en enfrentamientos violentos. Incluso entre los propios vikingos hay divisiones, ya que sus creencias cristianas y paganas est\u00e1n en conflicto. En medio de este caos, Leif Erikson (interpretado por <a href=\"https:\/\/www.instagram.com\/samcorlett\" data-type=\"link\" data-id=\"https:\/\/www.instagram.com\/samcorlett\" target=\"_blank\" rel=\"noreferrer noopener\">Sam Corlett<\/a>), Freydis Eriksd\u00f3ttir (interpretada por <a href=\"https:\/\/www.instagram.com\/fridagustavsson\" data-type=\"link\" data-id=\"https:\/\/www.instagram.com\/fridagustavsson\" target=\"_blank\" rel=\"noreferrer noopener\">Frida Gustavsson<\/a>) y Harald Sigurdsson (interpretado por <a href=\"https:\/\/www.instagram.com\/leo.suter\" data-type=\"link\" data-id=\"https:\/\/www.instagram.com\/leo.suter\" target=\"_blank\" rel=\"noreferrer noopener\">Leo Suter<\/a>) emprenden una \u00e9pica traves\u00eda por los mares y los campos de batalla, luchando por su supervivencia y buscando alcanzar la gloria.<a href=\"https:\/\/www.20minutos.es\/cinemania\/series\/geek-girl-emily-carey-casa-dragon-arrasando-netflix-5426656\/\"><\/a><\/p>\n\n\n\n<p>La historia se retoma siete a\u00f1os despu\u00e9s de los eventos de la segunda temporada, por lo que no ser\u00eda mala idea revisitar todos los episodios anteriores, ya que es dif\u00edcil ponerse al d\u00eda.<\/p>\n\n\n\n<p>Posiblemente sea lo mejor que ver\u00e1s en julio. <\/p>","protected":false},"excerpt":{"rendered":"<p>Puntuaci\u00f3n: &#x2b50;&#x2b50;&#x2b50;&#x2b50;&#x2b50; Nuestra siguiente recomendaci\u00f3n es tendencia. Sipnosis Las aventuras de una nueva generaci\u00f3n de vikingos famosos mientras abren nuevos caminos en una Europa en constante cambio. Esta secuela transcurre un siglo despu\u00e9s de los eventos de Vikingos, en un momento en que las tensiones entre los guerreros n\u00f3rdicos y la nobleza inglesa han alcanzado &hellip;<\/p>","protected":false},"author":2,"featured_media":21442,"comment_status":"closed","ping_status":"closed","sticky":false,"template":"","format":"standard","meta":{"jetpack_post_was_ever_published":false,"_jetpack_newsletter_access":"","_jetpack_dont_email_post_to_subs":false,"_jetpack_newsletter_tier_id":0,"_jetpack_memberships_contains_paywalled_content":false,"_jetpack_memberships_contains_paid_content":false,"footnotes":"","jetpack_publicize_message":"","jetpack_publicize_feature_enabled":true,"jetpack_social_post_already_shared":true,"jetpack_social_options":{"image_generator_settings":{"template":"highway","default_image_id":0,"font":"","enabled":false},"version":2}},"categories":[732],"tags":[1218],"class_list":["post-21441","post","type-post","status-publish","format-standard","has-post-thumbnail","hentry","category-series","tag-drama-belico"],"jetpack_publicize_connections":[],"jetpack_featured_media_url":"https:\/\/www.macquero.com\/wp-content\/uploads\/2024\/07\/sv.jpg","jetpack_sharing_enabled":true,"_links":{"self":[{"href":"https:\/\/www.macquero.com\/en\/wp-json\/wp\/v2\/posts\/21441","targetHints":{"allow":["GET"]}}],"collection":[{"href":"https:\/\/www.macquero.com\/en\/wp-json\/wp\/v2\/posts"}],"about":[{"href":"https:\/\/www.macquero.com\/en\/wp-json\/wp\/v2\/types\/post"}],"author":[{"embeddable":true,"href":"https:\/\/www.macquero.com\/en\/wp-json\/wp\/v2\/users\/2"}],"replies":[{"embeddable":true,"href":"https:\/\/www.macquero.com\/en\/wp-json\/wp\/v2\/comments?post=21441"}],"version-history":[{"count":3,"href":"https:\/\/www.macquero.com\/en\/wp-json\/wp\/v2\/posts\/21441\/revisions"}],"predecessor-version":[{"id":21446,"href":"https:\/\/www.macquero.com\/en\/wp-json\/wp\/v2\/posts\/21441\/revisions\/21446"}],"wp:featuredmedia":[{"embeddable":true,"href":"https:\/\/www.macquero.com\/en\/wp-json\/wp\/v2\/media\/21442"}],"wp:attachment":[{"href":"https:\/\/www.macquero.com\/en\/wp-json\/wp\/v2\/media?parent=21441"}],"wp:term":[{"taxonomy":"category","embeddable":true,"href":"https:\/\/www.macquero.com\/en\/wp-json\/wp\/v2\/categories?post=21441"},{"taxonomy":"post_tag","embeddable":true,"href":"https:\/\/www.macquero.com\/en\/wp-json\/wp\/v2\/tags?post=21441"}],"curies":[{"name":"wp","href":"https:\/\/api.w.org\/{rel}","templated":true}]}}