{"id":21431,"date":"2024-07-10T00:20:00","date_gmt":"2024-07-10T06:20:00","guid":{"rendered":"https:\/\/www.macquero.com\/?p=21431"},"modified":"2024-07-10T12:26:44","modified_gmt":"2024-07-10T18:26:44","slug":"los-extranos-capitulo-1","status":"publish","type":"post","link":"https:\/\/www.macquero.com\/en\/2024\/07\/los-extranos-capitulo-1\/","title":{"rendered":"Los extra\u00f1os: Cap\u00edtulo 1."},"content":{"rendered":"<p>Est\u00e1 pel\u00edcula es otra que encontr\u00e9 muy buena para disfrutar.<\/p>\n\n\n\n<h2 class=\"wp-block-heading\">Sipnosis<\/h2>\n\n\n\n<p>Una joven pareja debe pasar la noche en una caba\u00f1a remota al averiarse su autom\u00f3vil en un peque\u00f1o y extra\u00f1o pueblo. Esa misma noche, tres desconocidos que ocultan el rostro bajo m\u00e1scaras espeluznantes los atacan sin piedad.<\/p>\n\n\n\n<p>Protagonizada por la bell\u00edsima actriz <a href=\"https:\/\/www.instagram.com\/madelame\" data-type=\"link\" data-id=\"https:\/\/www.instagram.com\/madelame\" target=\"_blank\" rel=\"noreferrer noopener\">Madeleine Petsch<\/a> de Riverdale y <a href=\"https:\/\/www.instagram.com\/froy\" data-type=\"link\" data-id=\"https:\/\/www.instagram.com\/froy\" target=\"_blank\" rel=\"noreferrer noopener\">Froy Guti\u00e9rrez<\/a> de Teen Wolf, esta pel\u00edcula inaugura una trilog\u00eda enfocada en parejas y bosques inh\u00f3spitos. <\/p>\n\n\n\n<h2 class=\"wp-block-heading\">-La trama es electrizante, cargada de tensi\u00f3n y suspenso.<\/h2>\n\n\n\n<p>Como era de esperar, las opiniones est\u00e1n divididas: algunos piensan que es m\u00e1s de lo mismo. Sin embargo, a nosotros nos pareci\u00f3 oscura y llena de promesas.<\/p>\n\n\n\n<p>La excursi\u00f3n al mundo buc\u00f3lico de las afueras de la ciudad, como escapatoria del bullicio y el traj\u00edn urbano, propiciaba el encuentro con la irracionalidad de una matanza que hund\u00eda sus ra\u00edces en un mal inexplicable, <strong>sin motivos ni justificaci\u00f3n.<\/strong> En esta nueva versi\u00f3n, esa idea se combina con un espectro de rencor que puede rastrearse en relatos que exploran el trauma, las tensiones raciales o la desigualdad social.<\/p>\n\n\n\n<p>No s\u00e9 ustedes, pero a m\u00ed me encant\u00f3 y estoy ansioso por ver una segunda entrega.<\/p>\n\n\n\n<p>Calificaci\u00f3n: &#x2b50;&#x2b50;&#x2b50;&#x2b50;&#x2b50;<\/p>\n\n\n\n<p>Disponible para rentar o comprar \u00fanicamente en la tienda americana de <a href=\"https:\/\/tv.apple.com\/us\/movie\/los-extranos-capitulo-1\/umc.cmc.1x8d5lgrbbnpm7wc5wv70jjsl?l=es-MX\" data-type=\"link\" data-id=\"https:\/\/tv.apple.com\/us\/movie\/los-extranos-capitulo-1\/umc.cmc.1x8d5lgrbbnpm7wc5wv70jjsl?l=es-MX\" target=\"_blank\" rel=\"noreferrer noopener\">\uf8ffTV<\/a>.<\/p>","protected":false},"excerpt":{"rendered":"<p>Est\u00e1 pel\u00edcula es otra que encontr\u00e9 muy buena para disfrutar. Sipnosis Una joven pareja debe pasar la noche en una caba\u00f1a remota al averiarse su autom\u00f3vil en un peque\u00f1o y extra\u00f1o pueblo. Esa misma noche, tres desconocidos que ocultan el rostro bajo m\u00e1scaras espeluznantes los atacan sin piedad. Protagonizada por la bell\u00edsima actriz Madeleine Petsch &hellip;<\/p>","protected":false},"author":2,"featured_media":21432,"comment_status":"closed","ping_status":"closed","sticky":false,"template":"","format":"standard","meta":{"jetpack_post_was_ever_published":false,"_jetpack_newsletter_access":"","_jetpack_dont_email_post_to_subs":false,"_jetpack_newsletter_tier_id":0,"_jetpack_memberships_contains_paywalled_content":false,"_jetpack_memberships_contains_paid_content":false,"footnotes":"","jetpack_publicize_message":"","jetpack_publicize_feature_enabled":true,"jetpack_social_post_already_shared":true,"jetpack_social_options":{"image_generator_settings":{"template":"highway","default_image_id":0,"font":"","enabled":false},"version":2}},"categories":[1244,692],"tags":[432,1353],"class_list":["post-21431","post","type-post","status-publish","format-standard","has-post-thumbnail","hentry","category-recomendada","category-thriller","tag-suspenso","tag-tension"],"jetpack_publicize_connections":[],"jetpack_featured_media_url":"https:\/\/www.macquero.com\/wp-content\/uploads\/2024\/07\/os-1.jpg","jetpack_sharing_enabled":true,"_links":{"self":[{"href":"https:\/\/www.macquero.com\/en\/wp-json\/wp\/v2\/posts\/21431","targetHints":{"allow":["GET"]}}],"collection":[{"href":"https:\/\/www.macquero.com\/en\/wp-json\/wp\/v2\/posts"}],"about":[{"href":"https:\/\/www.macquero.com\/en\/wp-json\/wp\/v2\/types\/post"}],"author":[{"embeddable":true,"href":"https:\/\/www.macquero.com\/en\/wp-json\/wp\/v2\/users\/2"}],"replies":[{"embeddable":true,"href":"https:\/\/www.macquero.com\/en\/wp-json\/wp\/v2\/comments?post=21431"}],"version-history":[{"count":2,"href":"https:\/\/www.macquero.com\/en\/wp-json\/wp\/v2\/posts\/21431\/revisions"}],"predecessor-version":[{"id":21434,"href":"https:\/\/www.macquero.com\/en\/wp-json\/wp\/v2\/posts\/21431\/revisions\/21434"}],"wp:featuredmedia":[{"embeddable":true,"href":"https:\/\/www.macquero.com\/en\/wp-json\/wp\/v2\/media\/21432"}],"wp:attachment":[{"href":"https:\/\/www.macquero.com\/en\/wp-json\/wp\/v2\/media?parent=21431"}],"wp:term":[{"taxonomy":"category","embeddable":true,"href":"https:\/\/www.macquero.com\/en\/wp-json\/wp\/v2\/categories?post=21431"},{"taxonomy":"post_tag","embeddable":true,"href":"https:\/\/www.macquero.com\/en\/wp-json\/wp\/v2\/tags?post=21431"}],"curies":[{"name":"wp","href":"https:\/\/api.w.org\/{rel}","templated":true}]}}