{"id":21368,"date":"2024-06-20T02:04:26","date_gmt":"2024-06-20T08:04:26","guid":{"rendered":"https:\/\/www.macquero.com\/?p=21368"},"modified":"2024-08-28T12:48:36","modified_gmt":"2024-08-28T18:48:36","slug":"la-estrategia-de-apple-la-inteligencia-artificial-estara-disponible-para-pruebas-en-2025","status":"publish","type":"post","link":"https:\/\/www.macquero.com\/en\/2024\/06\/la-estrategia-de-apple-la-inteligencia-artificial-estara-disponible-para-pruebas-en-2025\/","title":{"rendered":"La estrategia de Apple: la inteligencia artificial estar\u00e1 disponible para pruebas en 2025."},"content":{"rendered":"<p>Seg\u00fan el bolet\u00edn Power On del periodista Mark Gurman, Apple continuar\u00e1 desarrollando funciones basadas en inteligencia artificial a lo largo de este a\u00f1o. Sin embargo, estas caracter\u00edsticas no estar\u00e1n disponibles en las primeras versiones.<\/p>\n\n\n\n<h2 class=\"wp-block-heading\">A llorar para el valle.<\/h2>\n\n\n\n<p>En la conferencia anual Worldwide Developers Conference (WWDC), Apple present\u00f3 una gran cantidad de actualizaciones relacionadas con el sistema operativo iOS 18, las nuevas funciones de entrenamiento personalizado en watchOS 11, mejoras en iPadOS y la llegada de la segunda versi\u00f3n de visionOS. Adem\u00e1s, se destacaron las presentaciones de <strong>Apple Intelligence<\/strong> y la nueva <strong>Siri con ChatGPT integrado<\/strong>.<\/p>\n\n\n\n<figure class=\"wp-block-image size-large\"><img loading=\"lazy\" decoding=\"async\" width=\"940\" height=\"384\" src=\"https:\/\/www.macquero.com\/wp-content\/uploads\/2024\/06\/pp-6-940x384.jpg\" alt=\"\" class=\"wp-image-21369\" srcset=\"https:\/\/www.macquero.com\/wp-content\/uploads\/2024\/06\/pp-6-940x384.jpg 940w, https:\/\/www.macquero.com\/wp-content\/uploads\/2024\/06\/pp-6-620x254.jpg 620w, https:\/\/www.macquero.com\/wp-content\/uploads\/2024\/06\/pp-6-300x123.jpg 300w, https:\/\/www.macquero.com\/wp-content\/uploads\/2024\/06\/pp-6-768x314.jpg 768w, https:\/\/www.macquero.com\/wp-content\/uploads\/2024\/06\/pp-6-1536x628.jpg 1536w, https:\/\/www.macquero.com\/wp-content\/uploads\/2024\/06\/pp-6-18x7.jpg 18w, https:\/\/www.macquero.com\/wp-content\/uploads\/2024\/06\/pp-6.jpg 1927w\" sizes=\"auto, (max-width: 940px) 100vw, 940px\" \/><\/figure>\n\n\n\n<p>Seg\u00fan el periodista Mark Gurman, aunque la inteligencia artificial (IA) de Apple se integrar\u00e1 en las nuevas actualizaciones de los sistemas operativos, algunas funcionalidades impulsadas por esta tecnolog\u00eda no estar\u00e1n disponibles en las primeras versiones y <strong>se esperan para el a\u00f1o 2025<\/strong>.<\/p>\n\n\n\n<h2 class=\"wp-block-heading\">Si pensabas que solo tendr\u00edas que esperar hasta el oto\u00f1o, te equivocas. \u00bfNos mintieron? &#x1f914;<\/h2>\n\n\n\n<p>Inicialmente, se espera que la mayor\u00eda de las funciones est\u00e9n disponibles en oto\u00f1o, aunque no se podr\u00e1n probar hasta finales del verano. Esto significa que no estar\u00e1n integradas en las primeras versiones beta de iOS 18, iPadOS 18 y macOS Sequoia. Adem\u00e1s, seg\u00fan Gurman en su \u00faltimo bolet\u00edn \u2018Power On\u2019, la inteligencia artificial se presentar\u00e1 con una vista previa en el momento de su lanzamiento, y en algunos casos, los usuarios deber\u00e1n unirse a una lista de espera para utilizar <strong>Apple Intelligence y Siri con ChatGPT.<\/strong><\/p>\n\n\n\n<h2 class=\"wp-block-heading\">\u00bfSe pospone la llegada de la inteligencia artificial?<\/h2>\n\n\n\n<p>El nuevo asistente Siri utilizar\u00e1 la inteligencia artificial generativa para ofrecer una comunicaci\u00f3n m\u00e1s natural y personalizada. Ser\u00e1 capaz de comprender el contexto de los usuarios, buscar informaci\u00f3n en tiempo real y controlar aplicaciones de manera individual, entre otras funciones.<\/p>\n\n\n\n<p>Adem\u00e1s, el periodista se\u00f1ala que\u00a0<strong>Apple Intelligence<\/strong>, que inicialmente se lanzar\u00e1 en ingl\u00e9s, ampliar\u00e1 su registro a otros idiomas y estar\u00e1 disponible en m\u00e1s regiones el pr\u00f3ximo a\u00f1o.<\/p>\n\n\n\n<p>\u00bfT\u00fa tambi\u00e9n te emocionar\u00e1s hasta las l\u00e1grimas? <\/p>\n\n\n\n<p>\u00a1Comp\u00e1rtenos tus pensamientos en los comentarios!<\/p>","protected":false},"excerpt":{"rendered":"<p>Seg\u00fan el bolet\u00edn Power On del periodista Mark Gurman, Apple continuar\u00e1 desarrollando funciones basadas en inteligencia artificial a lo largo de este a\u00f1o. Sin embargo, estas caracter\u00edsticas no estar\u00e1n disponibles en las primeras versiones. A llorar para el valle. En la conferencia anual Worldwide Developers Conference (WWDC), Apple present\u00f3 una gran cantidad de actualizaciones relacionadas &hellip;<\/p>","protected":false},"author":2,"featured_media":21620,"comment_status":"closed","ping_status":"closed","sticky":false,"template":"","format":"standard","meta":{"jetpack_post_was_ever_published":false,"_jetpack_newsletter_access":"","_jetpack_dont_email_post_to_subs":false,"_jetpack_newsletter_tier_id":0,"_jetpack_memberships_contains_paywalled_content":false,"_jetpack_memberships_contains_paid_content":false,"footnotes":"","jetpack_publicize_message":"","jetpack_publicize_feature_enabled":true,"jetpack_social_post_already_shared":true,"jetpack_social_options":{"image_generator_settings":{"template":"highway","default_image_id":0,"font":"","enabled":false},"version":2}},"categories":[5],"tags":[1105],"class_list":["post-21368","post","type-post","status-publish","format-standard","has-post-thumbnail","hentry","category-apple","tag-noticia"],"jetpack_publicize_connections":[],"jetpack_featured_media_url":"https:\/\/www.macquero.com\/wp-content\/uploads\/2024\/06\/apple-ai-concept.jpeg","jetpack_sharing_enabled":true,"_links":{"self":[{"href":"https:\/\/www.macquero.com\/en\/wp-json\/wp\/v2\/posts\/21368","targetHints":{"allow":["GET"]}}],"collection":[{"href":"https:\/\/www.macquero.com\/en\/wp-json\/wp\/v2\/posts"}],"about":[{"href":"https:\/\/www.macquero.com\/en\/wp-json\/wp\/v2\/types\/post"}],"author":[{"embeddable":true,"href":"https:\/\/www.macquero.com\/en\/wp-json\/wp\/v2\/users\/2"}],"replies":[{"embeddable":true,"href":"https:\/\/www.macquero.com\/en\/wp-json\/wp\/v2\/comments?post=21368"}],"version-history":[{"count":1,"href":"https:\/\/www.macquero.com\/en\/wp-json\/wp\/v2\/posts\/21368\/revisions"}],"predecessor-version":[{"id":21370,"href":"https:\/\/www.macquero.com\/en\/wp-json\/wp\/v2\/posts\/21368\/revisions\/21370"}],"wp:featuredmedia":[{"embeddable":true,"href":"https:\/\/www.macquero.com\/en\/wp-json\/wp\/v2\/media\/21620"}],"wp:attachment":[{"href":"https:\/\/www.macquero.com\/en\/wp-json\/wp\/v2\/media?parent=21368"}],"wp:term":[{"taxonomy":"category","embeddable":true,"href":"https:\/\/www.macquero.com\/en\/wp-json\/wp\/v2\/categories?post=21368"},{"taxonomy":"post_tag","embeddable":true,"href":"https:\/\/www.macquero.com\/en\/wp-json\/wp\/v2\/tags?post=21368"}],"curies":[{"name":"wp","href":"https:\/\/api.w.org\/{rel}","templated":true}]}}