{"id":21355,"date":"2024-06-16T00:20:00","date_gmt":"2024-06-16T06:20:00","guid":{"rendered":"https:\/\/www.macquero.com\/?p=21355"},"modified":"2024-06-15T22:48:18","modified_gmt":"2024-06-16T04:48:18","slug":"duna-parte-dosduna-2","status":"publish","type":"post","link":"https:\/\/www.macquero.com\/en\/2024\/06\/duna-parte-dosduna-2\/","title":{"rendered":"Duna: parte dos."},"content":{"rendered":"<p>No fue coincidencia que vi\u00e9ramos <a href=\"https:\/\/www.macquero.com\/en\/2024\/06\/duna\/\" data-type=\"link\" data-id=\"https:\/\/www.macquero.com\/2024\/06\/duna\/\" target=\"_blank\" rel=\"noreferrer noopener\">la primera<\/a> ayer, como habr\u00e1s le\u00eddo, no fue de mi agrado. <\/p>\n\n\n\n<p>Por lo tanto, le di una oportunidad sin ninguna expectativa.<\/p>\n\n\n\n<h2 class=\"wp-block-heading\">Sipnosis<\/h2>\n\n\n\n<p>Paul Atreides se une a Chani y a los Fremen mientras busca venganza contra los conspiradores que destruyeron a su familia. Paul se enfrenta a una elecci\u00f3n entre el amor de su vida y el destino del universo, y debe evitar un futuro terrible.<\/p>\n\n\n\n<h2 class=\"wp-block-heading\">Contexto<\/h2>\n\n\n\n<p>Dune: parte dos\u201d es la secuela de una pel\u00edcula que se lanz\u00f3 inicialmente a finales de 2020. En ese momento, su estreno fue singular, ya que se proyect\u00f3 tanto en salas de cine como en plataformas de streaming de manera simult\u00e1nea, una decisi\u00f3n que caus\u00f3 controversia y desencaden\u00f3 una batalla legal con Warner.\u00a0Finalmente, la secuela tuvo una proyecci\u00f3n exclusiva en cines. <\/p>\n\n\n\n<p>A pesar de los obst\u00e1culos, la segunda parte se consolida como la mejor en el g\u00e9nero de ciencia ficci\u00f3n de la saga. <a href=\"https:\/\/www.instagram.com\/tchalamet\" data-type=\"link\" data-id=\"https:\/\/www.instagram.com\/tchalamet\" target=\"_blank\" rel=\"noreferrer noopener\">Timoth\u00e9e Chalamet<\/a>, uno de los artistas m\u00e1s destacados de su generaci\u00f3n, interpreta a Paul Atreides en un relato cl\u00e1sico del viaje del h\u00e9roe. Sin embargo, elementos externos como la religi\u00f3n y la pol\u00edtica a\u00f1aden una dimensi\u00f3n m\u00e1s profunda a su evoluci\u00f3n, convirti\u00e9ndolo en una especie de mes\u00edas<\/p>\n\n\n\n<h2 class=\"wp-block-heading\">Aunque la trama dio un giro m\u00e1s interesante, personalmente la encontr\u00e9 un poco ins\u00edpida. <\/h2>\n\n\n\n<p>Es normal que tengamos opiniones diferentes sobre una pel\u00edcula. Si a\u00fan no la has visto, aqu\u00ed te comento qu\u00e9 puedes esperar. &#x1f60a;<\/p>\n\n\n\n<p>Desde el punto de vista t\u00e9cnico, la segunda parte ofrece un contenido superior al de su predecesora. Denis Villeneuve demuestra una vez m\u00e1s que su adaptaci\u00f3n est\u00e1 dise\u00f1ada para disfrutarse en la gran pantalla, gracias a sus impresionantes efectos especiales. Si tienes la oportunidad, te recomiendo verla en una pantalla con tecnolog\u00eda IMAX.<\/p>\n\n\n\n<p>Calificaci\u00f3n: &#x2b50;&#x2b50;&#x2b50;<\/p>\n\n\n\n<p>Disponible para rentar o comprar en la tienda de <a href=\"https:\/\/tv.apple.com\/mx\/movie\/duna-parte-dos\/umc.cmc.363aycnv6vy9qgekvew6fveb9\" data-type=\"link\" data-id=\"https:\/\/tv.apple.com\/mx\/movie\/duna-parte-dos\/umc.cmc.363aycnv6vy9qgekvew6fveb9\" target=\"_blank\" rel=\"noreferrer noopener\">\uf8ffTV<\/a>.<\/p>","protected":false},"excerpt":{"rendered":"<p>No fue coincidencia que vi\u00e9ramos la primera ayer, como habr\u00e1s le\u00eddo, no fue de mi agrado. Por lo tanto, le di una oportunidad sin ninguna expectativa. Sipnosis Paul Atreides se une a Chani y a los Fremen mientras busca venganza contra los conspiradores que destruyeron a su familia. Paul se enfrenta a una elecci\u00f3n entre &hellip;<\/p>","protected":false},"author":2,"featured_media":21356,"comment_status":"closed","ping_status":"closed","sticky":false,"template":"","format":"standard","meta":{"jetpack_post_was_ever_published":false,"_jetpack_newsletter_access":"","_jetpack_dont_email_post_to_subs":false,"_jetpack_newsletter_tier_id":0,"_jetpack_memberships_contains_paywalled_content":false,"_jetpack_memberships_contains_paid_content":false,"footnotes":"","jetpack_publicize_message":"","jetpack_publicize_feature_enabled":true,"jetpack_social_post_already_shared":true,"jetpack_social_options":{"image_generator_settings":{"template":"highway","default_image_id":0,"font":"","enabled":false},"version":2}},"categories":[688],"tags":[303],"class_list":["post-21355","post","type-post","status-publish","format-standard","has-post-thumbnail","hentry","category-ciencia-ficcion","tag-drama"],"jetpack_publicize_connections":[],"jetpack_featured_media_url":"https:\/\/www.macquero.com\/wp-content\/uploads\/2024\/06\/un2.jpg","jetpack_sharing_enabled":true,"_links":{"self":[{"href":"https:\/\/www.macquero.com\/en\/wp-json\/wp\/v2\/posts\/21355","targetHints":{"allow":["GET"]}}],"collection":[{"href":"https:\/\/www.macquero.com\/en\/wp-json\/wp\/v2\/posts"}],"about":[{"href":"https:\/\/www.macquero.com\/en\/wp-json\/wp\/v2\/types\/post"}],"author":[{"embeddable":true,"href":"https:\/\/www.macquero.com\/en\/wp-json\/wp\/v2\/users\/2"}],"replies":[{"embeddable":true,"href":"https:\/\/www.macquero.com\/en\/wp-json\/wp\/v2\/comments?post=21355"}],"version-history":[{"count":2,"href":"https:\/\/www.macquero.com\/en\/wp-json\/wp\/v2\/posts\/21355\/revisions"}],"predecessor-version":[{"id":21358,"href":"https:\/\/www.macquero.com\/en\/wp-json\/wp\/v2\/posts\/21355\/revisions\/21358"}],"wp:featuredmedia":[{"embeddable":true,"href":"https:\/\/www.macquero.com\/en\/wp-json\/wp\/v2\/media\/21356"}],"wp:attachment":[{"href":"https:\/\/www.macquero.com\/en\/wp-json\/wp\/v2\/media?parent=21355"}],"wp:term":[{"taxonomy":"category","embeddable":true,"href":"https:\/\/www.macquero.com\/en\/wp-json\/wp\/v2\/categories?post=21355"},{"taxonomy":"post_tag","embeddable":true,"href":"https:\/\/www.macquero.com\/en\/wp-json\/wp\/v2\/tags?post=21355"}],"curies":[{"name":"wp","href":"https:\/\/api.w.org\/{rel}","templated":true}]}}