{"id":21346,"date":"2024-06-14T00:20:00","date_gmt":"2024-06-14T06:20:00","guid":{"rendered":"https:\/\/www.macquero.com\/?p=21346"},"modified":"2024-06-11T20:31:26","modified_gmt":"2024-06-12T02:31:26","slug":"finalmente-tu-ipad-contara-con-una-calculadora-una-version-mejorada-gracias-al-nuevo-servicio-math-notes","status":"publish","type":"post","link":"https:\/\/www.macquero.com\/en\/2024\/06\/finalmente-tu-ipad-contara-con-una-calculadora-una-version-mejorada-gracias-al-nuevo-servicio-math-notes\/","title":{"rendered":"Finalmente, tu iPad contar\u00e1 con una calculadora: una versi\u00f3n mejorada gracias al nuevo servicio Math Notes."},"content":{"rendered":"<p>Apple inaugur\u00f3 el d\u00eda lunes en su conferencia anual, la Worldwide Developers Conference (WWDC), que se extender\u00e1 hasta el 14 de junio. En este evento, la firma de Cupertino ha desvelado una amplia gama de innovaciones en cuanto al software de sus dispositivos, incluyendo la introducci\u00f3n de <strong>Apple Intelligence y la nueva Siri con integraci\u00f3n de ChatGPT<\/strong>. Una de las caracter\u00edsticas que ha captado la atenci\u00f3n de los usuarios, especialmente aquellos que poseen una tablet de la marca, es la inclusi\u00f3n de la calculadora en los iPad.<\/p>\n\n\n\n<h3 class=\"wp-block-heading\">Adem\u00e1s, el sistema operativo iPadOS 18 incorporar\u00e1 nuevas funcionalidades de inteligencia artificial como la integraci\u00f3n de ChatGPT en Siri, diversas opciones de personalizaci\u00f3n y la mejora de la escritura a mano alzada, entre otras actualizaciones.<\/h3>\n\n\n\n<p>Como novedad destacada, la \u2018Calculadora\u2019 es compatible con <strong>Apple Pencil<\/strong>, lo que implica que los usuarios pueden escribir problemas matem\u00e1ticos para que la aplicaci\u00f3n los resuelva mediante la innovadora funci\u00f3n <strong>\u2018Math Notes\u2019.<\/strong><\/p>\n\n\n\n<figure class=\"wp-block-image size-large\"><img loading=\"lazy\" decoding=\"async\" width=\"940\" height=\"528\" src=\"https:\/\/www.macquero.com\/wp-content\/uploads\/2024\/06\/11-940x528.jpg\" alt=\"\" class=\"wp-image-21347\" srcset=\"https:\/\/www.macquero.com\/wp-content\/uploads\/2024\/06\/11-940x528.jpg 940w, https:\/\/www.macquero.com\/wp-content\/uploads\/2024\/06\/11-620x348.jpg 620w, https:\/\/www.macquero.com\/wp-content\/uploads\/2024\/06\/11-300x169.jpg 300w, https:\/\/www.macquero.com\/wp-content\/uploads\/2024\/06\/11-768x432.jpg 768w, https:\/\/www.macquero.com\/wp-content\/uploads\/2024\/06\/11-18x10.jpg 18w, https:\/\/www.macquero.com\/wp-content\/uploads\/2024\/06\/11-390x220.jpg 390w, https:\/\/www.macquero.com\/wp-content\/uploads\/2024\/06\/11.jpg 1260w\" sizes=\"auto, (max-width: 940px) 100vw, 940px\" \/><\/figure>\n\n\n\n<h2 class=\"wp-block-heading\">Otras novedades de iPadOS 18<\/h2>\n\n\n\n<p>Aparte de la aplicaci\u00f3n \u2018Calculadora\u2019, el futuro sistema operativo del iPad contar\u00e1 con <strong>\u2018Smart Script\u2019<\/strong>, una mejora de la aplicaci\u00f3n <strong>\u2018Notas\u2019<\/strong> que embellece el texto en tiempo real a trav\u00e9s del aprendizaje autom\u00e1tico. <strong>Esta caracter\u00edstica puede imitar tu estilo de escritura a mano, corregir errores ortogr\u00e1ficos y convertir el texto escrito.<\/strong><\/p>\n\n\n\n<p>La aplicaci\u00f3n \u2018Contrase\u00f1as\u2019 se incorporar\u00e1 tambi\u00e9n a iPadOS, junto con la capacidad de personalizar la pantalla de inicio, integrar aplicaciones de terceros en el Centro de Control, nuevas funcionalidades en \u2018iMessage\u2019, como programar mensajes y reaccionar con emojis, controles de privacidad avanzados, la opci\u00f3n de compartir pantalla en <strong>\u2018SharePlay\u2019<\/strong>; para manejar de manera remota el iPad de otra persona, aplicaciones de \u2018Configuraci\u00f3n\u2019 y \u2018Fotos\u2019 renovadas, una pesta\u00f1a flotante que simplifica la navegaci\u00f3n entre aplicaciones, <strong>la incorporaci\u00f3n de ChatGPT a Siri y una nueva funci\u00f3n de accesibilidad para personas con discapacidades f\u00edsicas.<\/strong><\/p>\n\n\n\n<p>En cuanto a la disponibilidad de todas estas funciones, al igual que en a\u00f1os previos, la nueva actualizaci\u00f3n del sistema operativo se lanzar\u00e1 en oto\u00f1o de este a\u00f1o. Sin embargo, la versi\u00f3n beta para desarrolladores ya est\u00e1 disponible desde este pasado lunes y se espera que la versi\u00f3n beta p\u00fablica se lance el pr\u00f3ximo mes.<\/p>","protected":false},"excerpt":{"rendered":"<p>Apple inaugur\u00f3 el d\u00eda lunes en su conferencia anual, la Worldwide Developers Conference (WWDC), que se extender\u00e1 hasta el 14 de junio. En este evento, la firma de Cupertino ha desvelado una amplia gama de innovaciones en cuanto al software de sus dispositivos, incluyendo la introducci\u00f3n de Apple Intelligence y la nueva Siri con integraci\u00f3n &hellip;<\/p>","protected":false},"author":2,"featured_media":21348,"comment_status":"closed","ping_status":"closed","sticky":false,"template":"","format":"standard","meta":{"jetpack_post_was_ever_published":false,"_jetpack_newsletter_access":"","_jetpack_dont_email_post_to_subs":false,"_jetpack_newsletter_tier_id":0,"_jetpack_memberships_contains_paywalled_content":false,"_jetpack_memberships_contains_paid_content":false,"footnotes":"","jetpack_publicize_message":"","jetpack_publicize_feature_enabled":true,"jetpack_social_post_already_shared":true,"jetpack_social_options":{"image_generator_settings":{"template":"highway","default_image_id":0,"font":"","enabled":false},"version":2}},"categories":[5],"tags":[1349,286],"class_list":["post-21346","post","type-post","status-publish","format-standard","has-post-thumbnail","hentry","category-apple","tag-calculadora","tag-novedades"],"jetpack_publicize_connections":[],"jetpack_featured_media_url":"https:\/\/www.macquero.com\/wp-content\/uploads\/2024\/06\/pp-4.jpg","jetpack_sharing_enabled":true,"_links":{"self":[{"href":"https:\/\/www.macquero.com\/en\/wp-json\/wp\/v2\/posts\/21346","targetHints":{"allow":["GET"]}}],"collection":[{"href":"https:\/\/www.macquero.com\/en\/wp-json\/wp\/v2\/posts"}],"about":[{"href":"https:\/\/www.macquero.com\/en\/wp-json\/wp\/v2\/types\/post"}],"author":[{"embeddable":true,"href":"https:\/\/www.macquero.com\/en\/wp-json\/wp\/v2\/users\/2"}],"replies":[{"embeddable":true,"href":"https:\/\/www.macquero.com\/en\/wp-json\/wp\/v2\/comments?post=21346"}],"version-history":[{"count":2,"href":"https:\/\/www.macquero.com\/en\/wp-json\/wp\/v2\/posts\/21346\/revisions"}],"predecessor-version":[{"id":21350,"href":"https:\/\/www.macquero.com\/en\/wp-json\/wp\/v2\/posts\/21346\/revisions\/21350"}],"wp:featuredmedia":[{"embeddable":true,"href":"https:\/\/www.macquero.com\/en\/wp-json\/wp\/v2\/media\/21348"}],"wp:attachment":[{"href":"https:\/\/www.macquero.com\/en\/wp-json\/wp\/v2\/media?parent=21346"}],"wp:term":[{"taxonomy":"category","embeddable":true,"href":"https:\/\/www.macquero.com\/en\/wp-json\/wp\/v2\/categories?post=21346"},{"taxonomy":"post_tag","embeddable":true,"href":"https:\/\/www.macquero.com\/en\/wp-json\/wp\/v2\/tags?post=21346"}],"curies":[{"name":"wp","href":"https:\/\/api.w.org\/{rel}","templated":true}]}}