{"id":21339,"date":"2024-06-12T00:20:00","date_gmt":"2024-06-12T06:20:00","guid":{"rendered":"https:\/\/www.macquero.com\/?p=21339"},"modified":"2024-06-11T19:48:11","modified_gmt":"2024-06-12T01:48:11","slug":"estos-son-los-dispositivos-compatibles-con-las-nuevas-funciones-de-ia-de-apple-intelligence","status":"publish","type":"post","link":"https:\/\/www.macquero.com\/en\/2024\/06\/estos-son-los-dispositivos-compatibles-con-las-nuevas-funciones-de-ia-de-apple-intelligence\/","title":{"rendered":"Estos son los dispositivos compatibles con las nuevas funciones de IA de Apple Intelligence."},"content":{"rendered":"<h2 class=\"wp-block-heading\">A llorar para el valle.<\/h2>\n\n\n\n<p>Durante la conferencia anual de desarrolladores de Apple, la WWDC, la empresa anunci\u00f3 la creaci\u00f3n de su propio sistema de inteligencia artificial, llamado <strong>\u2018Apple Intelligence\u2019. <\/strong>Este sistema, que ser\u00e1 gratuito, tiene como objetivo mejorar la funcionalidad y la experiencia del usuario en dispositivos que operan con iOS, iPadOS y macOS.<\/p>\n\n\n\n<p>\u2018Apple Intelligence\u2019 utiliza los chips de Apple para entender y generar palabras e im\u00e1genes, realizar acciones en diversas aplicaciones e interpretar el contexto personal con el objetivo de simplificar y acelerar las tareas diarias.<\/p>\n\n\n\n<p>En su anuncio, Apple tambi\u00e9n proporcion\u00f3 detalles sobre los dispositivos que ser\u00e1n compatibles con \u2018Apple Intelligence\u2019, o que lo ser\u00e1n en un futuro cercano. Adem\u00e1s, revelaron los pa\u00edses a los que se expandir\u00e1 el servicio: ya que el lanzamiento inicial ser\u00e1 en Estados Unidos.<\/p>\n\n\n\n<p>Espec\u00edficamente, \u2018Apple Intelligence\u2019 se integrar\u00e1 completamente con <strong>iOS 18, iPadOS 18 y macOS Sequoia<\/strong>, los nuevos sistemas operativos en los que la empresa est\u00e1 trabajando y de los que se presentaron muchas novedades este pasado lunes.<\/p>\n\n\n\n<p><strong>Tim Cook, CEO de Apple<\/strong>, afirm\u00f3 que <strong>\u201c\u2018Apple Intelligence\u2019 cambiar\u00e1 lo que los usuarios pueden hacer con nuestros productos y lo que nuestros productos pueden hacer por ellos\u201d.<\/strong> <\/p>\n\n\n\n<h2 class=\"wp-block-heading\">\u00bfQu\u00e9 dispositivos integrar\u00e1n la nueva IA Apple Intelligence?<\/h2>\n\n\n\n<p>Apple Intelligence, la nueva inteligencia artificial de Apple, <strong>ser\u00e1 de uso gratuito para los usuarios<\/strong> y se lanzar\u00e1 en versi\u00f3n beta en <strong>iOS 18, iPadOS 18 y macOS Sequoia este oto\u00f1o<\/strong>, inicialmente en ingl\u00e9s estadounidense. A lo largo del pr\u00f3ximo a\u00f1o, se planea a\u00f1adir m\u00e1s caracter\u00edsticas, plataformas de software e idiomas.<\/p>\n\n\n\n<p>Apple ha confirmado que su innovadora IA, Apple Intelligence, ser\u00e1 compatible con el <strong>iPhone 15 Pro y el iPhone 15 Pro Max,<\/strong> as\u00ed como con <strong>iPads y Macs equipados con el chip M1<\/strong> o versiones posteriores.<\/p>\n\n\n\n<p>Es decir, la lista de los dispositivos compatibles con Apple Intelligence es la siguiente:<\/p>\n\n\n\n<ul class=\"wp-block-list\">\n<li>iPhone 15 Pro Max<\/li>\n\n\n\n<li>iPhone 15 Pro<\/li>\n\n\n\n<li>iPad Pro con los chips M1 y posteriores<\/li>\n\n\n\n<li>iPad Air con los chips M1 y posteriores<\/li>\n\n\n\n<li>MacBook Air con los chips M1 y posteriores<\/li>\n\n\n\n<li>MacBook Pro con los chips M1 y posteriores<\/li>\n\n\n\n<li>iMac con los chips M1 y posteriores<\/li>\n\n\n\n<li>Mac mini con los chips M1 y posteriores<\/li>\n\n\n\n<li>Mac Studio con los chips M1 Max y posteriores<\/li>\n\n\n\n<li>Mac Pro con el chip M2 Ultra<\/li>\n<\/ul>\n\n\n\n<figure class=\"wp-block-image size-large\"><img loading=\"lazy\" decoding=\"async\" width=\"940\" height=\"410\" src=\"https:\/\/www.macquero.com\/wp-content\/uploads\/2024\/06\/22-940x410.jpg\" alt=\"\" class=\"wp-image-21340\" srcset=\"https:\/\/www.macquero.com\/wp-content\/uploads\/2024\/06\/22-940x410.jpg 940w, https:\/\/www.macquero.com\/wp-content\/uploads\/2024\/06\/22-620x271.jpg 620w, https:\/\/www.macquero.com\/wp-content\/uploads\/2024\/06\/22-300x131.jpg 300w, https:\/\/www.macquero.com\/wp-content\/uploads\/2024\/06\/22-768x335.jpg 768w, https:\/\/www.macquero.com\/wp-content\/uploads\/2024\/06\/22-18x8.jpg 18w, https:\/\/www.macquero.com\/wp-content\/uploads\/2024\/06\/22.jpg 1256w\" sizes=\"auto, (max-width: 940px) 100vw, 940px\" \/><\/figure>","protected":false},"excerpt":{"rendered":"<p>A llorar para el valle. Durante la conferencia anual de desarrolladores de Apple, la WWDC, la empresa anunci\u00f3 la creaci\u00f3n de su propio sistema de inteligencia artificial, llamado \u2018Apple Intelligence\u2019. Este sistema, que ser\u00e1 gratuito, tiene como objetivo mejorar la funcionalidad y la experiencia del usuario en dispositivos que operan con iOS, iPadOS y macOS. &hellip;<\/p>","protected":false},"author":2,"featured_media":21341,"comment_status":"closed","ping_status":"closed","sticky":false,"template":"","format":"standard","meta":{"jetpack_post_was_ever_published":false,"_jetpack_newsletter_access":"","_jetpack_dont_email_post_to_subs":false,"_jetpack_newsletter_tier_id":0,"_jetpack_memberships_contains_paywalled_content":false,"_jetpack_memberships_contains_paid_content":false,"footnotes":"","jetpack_publicize_message":"","jetpack_publicize_feature_enabled":true,"jetpack_social_post_already_shared":true,"jetpack_social_options":{"image_generator_settings":{"template":"highway","default_image_id":0,"font":"","enabled":false},"version":2}},"categories":[5],"tags":[1105],"class_list":["post-21339","post","type-post","status-publish","format-standard","has-post-thumbnail","hentry","category-apple","tag-noticia"],"jetpack_publicize_connections":[],"jetpack_featured_media_url":"https:\/\/www.macquero.com\/wp-content\/uploads\/2024\/06\/pp-2.jpg","jetpack_sharing_enabled":true,"_links":{"self":[{"href":"https:\/\/www.macquero.com\/en\/wp-json\/wp\/v2\/posts\/21339","targetHints":{"allow":["GET"]}}],"collection":[{"href":"https:\/\/www.macquero.com\/en\/wp-json\/wp\/v2\/posts"}],"about":[{"href":"https:\/\/www.macquero.com\/en\/wp-json\/wp\/v2\/types\/post"}],"author":[{"embeddable":true,"href":"https:\/\/www.macquero.com\/en\/wp-json\/wp\/v2\/users\/2"}],"replies":[{"embeddable":true,"href":"https:\/\/www.macquero.com\/en\/wp-json\/wp\/v2\/comments?post=21339"}],"version-history":[{"count":1,"href":"https:\/\/www.macquero.com\/en\/wp-json\/wp\/v2\/posts\/21339\/revisions"}],"predecessor-version":[{"id":21342,"href":"https:\/\/www.macquero.com\/en\/wp-json\/wp\/v2\/posts\/21339\/revisions\/21342"}],"wp:featuredmedia":[{"embeddable":true,"href":"https:\/\/www.macquero.com\/en\/wp-json\/wp\/v2\/media\/21341"}],"wp:attachment":[{"href":"https:\/\/www.macquero.com\/en\/wp-json\/wp\/v2\/media?parent=21339"}],"wp:term":[{"taxonomy":"category","embeddable":true,"href":"https:\/\/www.macquero.com\/en\/wp-json\/wp\/v2\/categories?post=21339"},{"taxonomy":"post_tag","embeddable":true,"href":"https:\/\/www.macquero.com\/en\/wp-json\/wp\/v2\/tags?post=21339"}],"curies":[{"name":"wp","href":"https:\/\/api.w.org\/{rel}","templated":true}]}}