{"id":21334,"date":"2024-06-11T19:05:40","date_gmt":"2024-06-12T01:05:40","guid":{"rendered":"https:\/\/www.macquero.com\/?p=21334"},"modified":"2024-06-11T19:05:44","modified_gmt":"2024-06-12T01:05:44","slug":"elon-musk-dice-que-prohibira-dispositivos-apple-en-sus-empresas-te-contamos-la-razon","status":"publish","type":"post","link":"https:\/\/www.macquero.com\/en\/2024\/06\/elon-musk-dice-que-prohibira-dispositivos-apple-en-sus-empresas-te-contamos-la-razon\/","title":{"rendered":"Elon Musk dice que prohibir\u00e1 dispositivos Apple en sus empresas: te contamos la raz\u00f3n."},"content":{"rendered":"<p>El siempre pol\u00e9mico Elon Musk, CEO de Tesla y SpaceX, ha causado revuelo al anunciar que prohibir\u00e1 el uso de dispositivos Apple en sus empresas.\u00a0Esta sorprendente declaraci\u00f3n se produce a ra\u00edz de una de las novedades que la compa\u00f1\u00eda de Apple anunciar\u00e1 en su Conferencia Mundial de Desarrolladores (WWDC).<\/p>\n\n\n\n<p>Musk expres\u00f3 su preocupaci\u00f3n <a href=\"https:\/\/twitter.com\/elonmusk\/status\/1800265938694193183?ref_src=twsrc%5Etfw%7Ctwcamp%5Etweetembed%7Ctwterm%5E1800265938694193183%7Ctwgr%5E%7Ctwcon%5Es1_c10&amp;ref_url=https%3A%2F%2Fwww.20minutos.es%2Ftecnologia%2Factualidad%2Felon-musk-prohibira-dispositivos-apple-sus-empresas-por-este-motivo-5480360%2F\" data-type=\"link\" data-id=\"https:\/\/twitter.com\/elonmusk\/status\/1800265938694193183?ref_src=twsrc%5Etfw%7Ctwcamp%5Etweetembed%7Ctwterm%5E1800265938694193183%7Ctwgr%5E%7Ctwcon%5Es1_c10&amp;ref_url=https%3A%2F%2Fwww.20minutos.es%2Ftecnologia%2Factualidad%2Felon-musk-prohibira-dispositivos-apple-sus-empresas-por-este-motivo-5480360%2F\" target=\"_blank\" rel=\"noreferrer noopener\">por la seguridad y la privacidad<\/a> despu\u00e9s de que Apple anunciara su colaboraci\u00f3n con <strong>OpenAI<\/strong> para integrar la tecnolog\u00eda de inteligencia artificial (IA) de OpenAI en los sistemas operativos de Apple.\u00a0-Musk ha sido un cr\u00edtico abierto de la direcci\u00f3n que OpenAI ha tomado en los \u00faltimos a\u00f1os, particularmente en lo que respecta a la \u00e9tica y la seguridad de la inteligencia artificial.<\/p>\n\n\n\n<p>El empresario ha dicho que si Apple \u201cintegra OpenAI a nivel del sistema operativo\u201d, los dispositivos de Apple estar\u00e1n prohibidos en sus empresas.\u00a0Musk calific\u00f3 esta integraci\u00f3n como <strong>&#8220;una violaci\u00f3n de seguridad inaceptable&#8221;<\/strong>\u00a0y agreg\u00f3 que los visitantes deber\u00e1n dejar sus dispositivos Apple en <strong>\u201cuna jaula de Faraday\u201d<\/strong> al ingresar a las oficinas.<\/p>\n\n\n\n<p>La decisi\u00f3n de Musk ha generado una amplia gama de reacciones en la industria tecnol\u00f3gica.\u00a0Algunos analistas ven esta prohibici\u00f3n como un movimiento simb\u00f3lico destinado a subrayar su preocupaci\u00f3n por el futuro de la inteligencia artificial, mientras que otros la interpretan como una t\u00e1ctica para distanciarse de competidores potenciales en el espacio de la IA.<\/p>","protected":false},"excerpt":{"rendered":"<p>El siempre pol\u00e9mico Elon Musk, CEO de Tesla y SpaceX, ha causado revuelo al anunciar que prohibir\u00e1 el uso de dispositivos Apple en sus empresas.\u00a0Esta sorprendente declaraci\u00f3n se produce a ra\u00edz de una de las novedades que la compa\u00f1\u00eda de Apple anunciar\u00e1 en su Conferencia Mundial de Desarrolladores (WWDC). Musk expres\u00f3 su preocupaci\u00f3n por la &hellip;<\/p>","protected":false},"author":2,"featured_media":21337,"comment_status":"closed","ping_status":"closed","sticky":false,"template":"","format":"standard","meta":{"jetpack_post_was_ever_published":false,"_jetpack_newsletter_access":"","_jetpack_dont_email_post_to_subs":false,"_jetpack_newsletter_tier_id":0,"_jetpack_memberships_contains_paywalled_content":false,"_jetpack_memberships_contains_paid_content":false,"footnotes":"","jetpack_publicize_message":"","jetpack_publicize_feature_enabled":true,"jetpack_social_post_already_shared":true,"jetpack_social_options":{"image_generator_settings":{"template":"highway","default_image_id":0,"font":"","enabled":false},"version":2}},"categories":[5],"tags":[1048],"class_list":["post-21334","post","type-post","status-publish","format-standard","has-post-thumbnail","hentry","category-apple","tag-noticias"],"jetpack_publicize_connections":[],"jetpack_featured_media_url":"https:\/\/www.macquero.com\/wp-content\/uploads\/2024\/06\/p2pa.jpg","jetpack_sharing_enabled":true,"_links":{"self":[{"href":"https:\/\/www.macquero.com\/en\/wp-json\/wp\/v2\/posts\/21334","targetHints":{"allow":["GET"]}}],"collection":[{"href":"https:\/\/www.macquero.com\/en\/wp-json\/wp\/v2\/posts"}],"about":[{"href":"https:\/\/www.macquero.com\/en\/wp-json\/wp\/v2\/types\/post"}],"author":[{"embeddable":true,"href":"https:\/\/www.macquero.com\/en\/wp-json\/wp\/v2\/users\/2"}],"replies":[{"embeddable":true,"href":"https:\/\/www.macquero.com\/en\/wp-json\/wp\/v2\/comments?post=21334"}],"version-history":[{"count":1,"href":"https:\/\/www.macquero.com\/en\/wp-json\/wp\/v2\/posts\/21334\/revisions"}],"predecessor-version":[{"id":21338,"href":"https:\/\/www.macquero.com\/en\/wp-json\/wp\/v2\/posts\/21334\/revisions\/21338"}],"wp:featuredmedia":[{"embeddable":true,"href":"https:\/\/www.macquero.com\/en\/wp-json\/wp\/v2\/media\/21337"}],"wp:attachment":[{"href":"https:\/\/www.macquero.com\/en\/wp-json\/wp\/v2\/media?parent=21334"}],"wp:term":[{"taxonomy":"category","embeddable":true,"href":"https:\/\/www.macquero.com\/en\/wp-json\/wp\/v2\/categories?post=21334"},{"taxonomy":"post_tag","embeddable":true,"href":"https:\/\/www.macquero.com\/en\/wp-json\/wp\/v2\/tags?post=21334"}],"curies":[{"name":"wp","href":"https:\/\/api.w.org\/{rel}","templated":true}]}}