{"id":21260,"date":"2024-05-20T21:27:10","date_gmt":"2024-05-21T03:27:10","guid":{"rendered":"https:\/\/www.macquero.com\/?p=21260"},"modified":"2024-05-20T21:27:13","modified_gmt":"2024-05-21T03:27:13","slug":"apple-esta-desarrollando-una-version-mejorada-de-siri-con-nuevas-capacidades-de-inteligencia-artificial-para-ios-18","status":"publish","type":"post","link":"https:\/\/www.macquero.com\/en\/2024\/05\/apple-esta-desarrollando-una-version-mejorada-de-siri-con-nuevas-capacidades-de-inteligencia-artificial-para-ios-18\/","title":{"rendered":"Apple est\u00e1 desarrollando una versi\u00f3n mejorada de Siri con nuevas capacidades de inteligencia artificial para iOS 18."},"content":{"rendered":"<p>Apple celebrar\u00e1 su Conferencia Mundial de Desarrolladores (WWDC) del 10 al 14 de junio en Apple Park, California, Estados Unidos, donde revelar\u00e1 las \u00faltimas actualizaciones de software para sus dispositivos, incluyendo nuevas capacidades de inteligencia artificial.<\/p>\n\n\n\n<p>En este evento, Apple anunciar\u00e1 que Siri, el asistente virtual que responde a las consultas de los usuarios de dispositivos iOS, adoptar\u00e1 un enfoque de IA &#8216;proactiva&#8217;. <\/p>\n\n\n\n<h2 class=\"wp-block-heading\">Actualizaciones de inteligencia artificial en Siri, el asistente virtual de Apple.<\/h2>\n\n\n\n<p>Seg\u00fan\u00a0<strong>Mark Gurman<\/strong>, analista de\u00a0<strong>Apple<\/strong>, la compa\u00f1\u00eda tiene planes de integrar en\u00a0<strong>Siri<\/strong>\u00a0un tono de voz m\u00e1s natural y funciones que permitir\u00e1n resumir art\u00edculos y notificaciones. Adem\u00e1s,\u00a0<strong>Siri<\/strong>\u00a0podr\u00e1 transcribir notas de voz y se mejorar\u00e1n sus capacidades actuales. <\/p>\n\n\n\n<p>El asistente tambi\u00e9n ser\u00e1 capaz de anticiparse a las necesidades de los usuarios y sugerir acciones que faciliten el uso del dispositivo, la organizaci\u00f3n y la comunicaci\u00f3n.\u00a0Adem\u00e1s, se implementar\u00e1n mejoras basadas en inteligencia artificial para la edici\u00f3n de fotograf\u00edas. <\/p>\n\n\n\n<p>Este modelo estar\u00e1 integrado directamente en los iPhone, eliminando la necesidad de acceder a la nube y priorizando la privacidad del usuario. Adem\u00e1s, seg\u00fan Mark Gurman, Apple y OpenAI est\u00e1n finalizando un acuerdo de colaboraci\u00f3n para incorporar ChatGPT en los nuevos iPhone.<\/p>","protected":false},"excerpt":{"rendered":"<p>Apple celebrar\u00e1 su Conferencia Mundial de Desarrolladores (WWDC) del 10 al 14 de junio en Apple Park, California, Estados Unidos, donde revelar\u00e1 las \u00faltimas actualizaciones de software para sus dispositivos, incluyendo nuevas capacidades de inteligencia artificial. En este evento, Apple anunciar\u00e1 que Siri, el asistente virtual que responde a las consultas de los usuarios de &hellip;<\/p>","protected":false},"author":2,"featured_media":21261,"comment_status":"closed","ping_status":"closed","sticky":false,"template":"","format":"standard","meta":{"jetpack_post_was_ever_published":false,"_jetpack_newsletter_access":"","_jetpack_dont_email_post_to_subs":false,"_jetpack_newsletter_tier_id":0,"_jetpack_memberships_contains_paywalled_content":false,"_jetpack_memberships_contains_paid_content":false,"footnotes":"","jetpack_publicize_message":"","jetpack_publicize_feature_enabled":true,"jetpack_social_post_already_shared":true,"jetpack_social_options":{"image_generator_settings":{"template":"highway","default_image_id":0,"font":"","enabled":false},"version":2}},"categories":[5,1237],"tags":[1224,1194],"class_list":["post-21260","post","type-post","status-publish","format-standard","has-post-thumbnail","hentry","category-apple","category-noticia","tag-inteligencia-artificial","tag-siri"],"jetpack_publicize_connections":[],"jetpack_featured_media_url":"https:\/\/www.macquero.com\/wp-content\/uploads\/2024\/05\/pp-4.jpg","jetpack_sharing_enabled":true,"_links":{"self":[{"href":"https:\/\/www.macquero.com\/en\/wp-json\/wp\/v2\/posts\/21260","targetHints":{"allow":["GET"]}}],"collection":[{"href":"https:\/\/www.macquero.com\/en\/wp-json\/wp\/v2\/posts"}],"about":[{"href":"https:\/\/www.macquero.com\/en\/wp-json\/wp\/v2\/types\/post"}],"author":[{"embeddable":true,"href":"https:\/\/www.macquero.com\/en\/wp-json\/wp\/v2\/users\/2"}],"replies":[{"embeddable":true,"href":"https:\/\/www.macquero.com\/en\/wp-json\/wp\/v2\/comments?post=21260"}],"version-history":[{"count":1,"href":"https:\/\/www.macquero.com\/en\/wp-json\/wp\/v2\/posts\/21260\/revisions"}],"predecessor-version":[{"id":21262,"href":"https:\/\/www.macquero.com\/en\/wp-json\/wp\/v2\/posts\/21260\/revisions\/21262"}],"wp:featuredmedia":[{"embeddable":true,"href":"https:\/\/www.macquero.com\/en\/wp-json\/wp\/v2\/media\/21261"}],"wp:attachment":[{"href":"https:\/\/www.macquero.com\/en\/wp-json\/wp\/v2\/media?parent=21260"}],"wp:term":[{"taxonomy":"category","embeddable":true,"href":"https:\/\/www.macquero.com\/en\/wp-json\/wp\/v2\/categories?post=21260"},{"taxonomy":"post_tag","embeddable":true,"href":"https:\/\/www.macquero.com\/en\/wp-json\/wp\/v2\/tags?post=21260"}],"curies":[{"name":"wp","href":"https:\/\/api.w.org\/{rel}","templated":true}]}}