{"id":21217,"date":"2024-05-10T15:15:42","date_gmt":"2024-05-10T21:15:42","guid":{"rendered":"https:\/\/www.macquero.com\/?p=21217"},"modified":"2024-05-10T15:15:45","modified_gmt":"2024-05-10T21:15:45","slug":"quien-ocupara-el-lugar-de-tim-cook-es-posible-que-john-ternus-se-convierta-en-el-proximo-ceo-de-apple","status":"publish","type":"post","link":"https:\/\/www.macquero.com\/en\/2024\/05\/quien-ocupara-el-lugar-de-tim-cook-es-posible-que-john-ternus-se-convierta-en-el-proximo-ceo-de-apple\/","title":{"rendered":"\u00bfQui\u00e9n ocupar\u00e1 el lugar de Tim Cook? Es posible que John Ternus se convierta en el pr\u00f3ximo CEO de Apple."},"content":{"rendered":"<p>Desde agosto de 2011, <strong>Tim Cook<\/strong> ha estado al frente de Apple, pero antes de asumir el cargo de CEO, desempe\u00f1aba el papel de Director de Operaciones, supervisando las operaciones mundiales, incluida la gesti\u00f3n integral de la cadena de suministro, las ventas y el servicio en todos los mercados y pa\u00edses. A punto de cumplir 64 a\u00f1os, hay especulaciones sobre el eventual sucesor de Cook como CEO de Apple, y las primeras filtraciones sugieren qui\u00e9n podr\u00eda ser el candidato para ocupar su lugar.<\/p>\n\n\n\n<p>De acuerdo con <strong>Mark Gurman<\/strong>, periodista de Bloomberg, <strong>John Ternus<\/strong>, quien se desempe\u00f1a como vicepresidente de ingenier\u00eda de hardware, podr\u00eda convertirse en el pr\u00f3ximo CEO de Apple. Este cambio marcar\u00eda el tercer traspaso de liderazgo en la historia de la empresa, que hasta ahora ha sido testigo de solo dos l\u00edderes en este siglo: el ic\u00f3nico fundador <strong>Steve Jobs<\/strong>, quien ocup\u00f3 el cargo durante 14 a\u00f1os, y Tim Cook, el actual CEO desde 2011.<\/p>\n\n\n\n<h2 class=\"wp-block-heading\">Qui\u00e9n es John Ternus, el posible sustituto de Tim Cook<\/h2>\n\n\n\n<p>Ternus se uni\u00f3 al equipo de Dise\u00f1o de Productos de Apple en 2001 y ha ocupado el cargo de vicepresidente senior de Ingenier\u00eda de Hardware desde 2013. Durante su gesti\u00f3n, ha supervisado el desarrollo de hardware en una amplia gama de productos innovadores, que incluyen todas las generaciones y modelos de iPad, la \u00faltima l\u00ednea de productos de Apple y los AirPods. <\/p>\n\n\n\n<h3 class=\"wp-block-heading\">Adem\u00e1s, desempe\u00f1\u00f3 un papel crucial en la transici\u00f3n actual de Mac al silicio. <\/h3>\n\n\n\n<p>Antes de unirse a Apple, Ternus trabaj\u00f3 como ingeniero mec\u00e1nico en Virtual Research Systems.<\/p>\n\n\n\n<p><strong>Por otro lado, en la filtraci\u00f3n de Gurman se presentan dos p\u00e1rrafos que resumen las razones para considerar a Ternus como un posible sucesor de Tim Cook:<\/strong><\/p>\n\n\n\n<ul class=\"wp-block-list\">\n<li>Una fuente cercana al equipo ejecutivo de Apple describe a Ternus como alguien que comparte muchas caracter\u00edsticas gerenciales con Tim Cook: h\u00e1bil en presentaciones, tranquilo, evita controversias en correos electr\u00f3nicos y muestra reticencia a la hora de tomar decisiones. Tiene muchas similitudes con el estilo de gesti\u00f3n de Tim.<\/li>\n\n\n\n<li>Mientras tanto, Christopher Stringer, ex dise\u00f1ador de hardware de Apple, menciona a Ternus como una &#8220;mano confiable&#8221; que &#8220;nunca ha fallado en ninguna responsabilidad que se le haya asignado&#8221;.<\/li>\n<\/ul>","protected":false},"excerpt":{"rendered":"<p>Desde agosto de 2011, Tim Cook ha estado al frente de Apple, pero antes de asumir el cargo de CEO, desempe\u00f1aba el papel de Director de Operaciones, supervisando las operaciones mundiales, incluida la gesti\u00f3n integral de la cadena de suministro, las ventas y el servicio en todos los mercados y pa\u00edses. A punto de cumplir &hellip;<\/p>","protected":false},"author":2,"featured_media":21218,"comment_status":"closed","ping_status":"closed","sticky":false,"template":"","format":"standard","meta":{"jetpack_post_was_ever_published":false,"_jetpack_newsletter_access":"","_jetpack_dont_email_post_to_subs":false,"_jetpack_newsletter_tier_id":0,"_jetpack_memberships_contains_paywalled_content":false,"_jetpack_memberships_contains_paid_content":false,"footnotes":"","jetpack_publicize_message":"","jetpack_publicize_feature_enabled":true,"jetpack_social_post_already_shared":true,"jetpack_social_options":{"image_generator_settings":{"template":"highway","default_image_id":0,"font":"","enabled":false},"version":2}},"categories":[5,1054],"tags":[286,1335],"class_list":["post-21217","post","type-post","status-publish","format-standard","has-post-thumbnail","hentry","category-apple","category-rumores","tag-novedades","tag-sucesor"],"jetpack_publicize_connections":[],"jetpack_featured_media_url":"https:\/\/www.macquero.com\/wp-content\/uploads\/2024\/05\/pp-1.jpg","jetpack_sharing_enabled":true,"_links":{"self":[{"href":"https:\/\/www.macquero.com\/en\/wp-json\/wp\/v2\/posts\/21217","targetHints":{"allow":["GET"]}}],"collection":[{"href":"https:\/\/www.macquero.com\/en\/wp-json\/wp\/v2\/posts"}],"about":[{"href":"https:\/\/www.macquero.com\/en\/wp-json\/wp\/v2\/types\/post"}],"author":[{"embeddable":true,"href":"https:\/\/www.macquero.com\/en\/wp-json\/wp\/v2\/users\/2"}],"replies":[{"embeddable":true,"href":"https:\/\/www.macquero.com\/en\/wp-json\/wp\/v2\/comments?post=21217"}],"version-history":[{"count":1,"href":"https:\/\/www.macquero.com\/en\/wp-json\/wp\/v2\/posts\/21217\/revisions"}],"predecessor-version":[{"id":21219,"href":"https:\/\/www.macquero.com\/en\/wp-json\/wp\/v2\/posts\/21217\/revisions\/21219"}],"wp:featuredmedia":[{"embeddable":true,"href":"https:\/\/www.macquero.com\/en\/wp-json\/wp\/v2\/media\/21218"}],"wp:attachment":[{"href":"https:\/\/www.macquero.com\/en\/wp-json\/wp\/v2\/media?parent=21217"}],"wp:term":[{"taxonomy":"category","embeddable":true,"href":"https:\/\/www.macquero.com\/en\/wp-json\/wp\/v2\/categories?post=21217"},{"taxonomy":"post_tag","embeddable":true,"href":"https:\/\/www.macquero.com\/en\/wp-json\/wp\/v2\/tags?post=21217"}],"curies":[{"name":"wp","href":"https:\/\/api.w.org\/{rel}","templated":true}]}}