{"id":21172,"date":"2024-04-30T08:03:23","date_gmt":"2024-04-30T14:03:23","guid":{"rendered":"https:\/\/www.macquero.com\/?p=21172"},"modified":"2024-04-30T08:05:02","modified_gmt":"2024-04-30T14:05:02","slug":"el-caso-asunta","status":"publish","type":"post","link":"https:\/\/www.macquero.com\/en\/2024\/04\/el-caso-asunta\/","title":{"rendered":"El caso Asunta"},"content":{"rendered":"<p>Puntuaci\u00f3n: &#x2b50;&#x2b50;&#x2b50;&#x2b50;&#x2b50;<\/p>\n\n\n\n<p>Nuestra siguiente recomendaci\u00f3n es una dramatizaci\u00f3n inspirada en hechos reales.<\/p>\n\n\n\n<h2 class=\"wp-block-heading\">Sipnosis<\/h2>\n\n\n\n<p>Una mirada a la historia de la desaparici\u00f3n de Asunta, una ni\u00f1a de 12 a\u00f1os encontrada sin vida al costado de una carretera cerca de Santiago de Compostela en 2013. Sus padres adoptivos eran sospechosos de instigar el crimen.<\/p>\n\n\n\n<h2 class=\"wp-block-heading\">\u00bfCu\u00e1les podr\u00edan ser los motivos de unos padres que, habiendo brindado a su hija una educaci\u00f3n ejemplar y mostrado un amor incondicional hacia ella, tomaran la decisi\u00f3n de acabar con su vida?<\/h2>\n\n\n\n<p>El drama est\u00e1 rodeado de m\u00faltiples interrogantes sin respuesta; un misterio tan delicado que aquellos que posiblemente llevaron a cabo ese despreciable acto; optan por permanecer en las peores situaciones imaginables antes que revelarlo.<\/p>\n\n\n\n<h2 class=\"wp-block-heading\">Reparto<\/h2>\n\n\n\n<p>Las interpretaciones de <a rel=\"noreferrer noopener\" href=\"https:\/\/www.instagram.com\/candela_penya\" data-type=\"URL\" data-id=\"https:\/\/www.instagram.com\/candela_penya\" target=\"_blank\">Candela Pe\u00f1a<\/a> como <strong>Rosario Porto<\/strong> y la de <a rel=\"noreferrer noopener\" href=\"https:\/\/www.instagram.com\/trisulloa\/\" data-type=\"URL\" data-id=\"https:\/\/www.instagram.com\/trisulloa\/\" target=\"_blank\">Trist\u00e1n Ulloa<\/a> como <strong>Alfonso Basterra <\/strong>nos brindan dos contrastes sobresalientes de un nivel excepcional, que van m\u00e1s all\u00e1 de la impresionante caracterizaci\u00f3n de los personajes.<\/p>\n\n\n\n<h2 class=\"wp-block-heading\">Opini\u00f3n personal<\/h2>\n\n\n\n<p>Desde mi perspectiva, encuentro preocupantes los trastornos mentales de la pareja y los motivos  y pasatiempos ocultos del padre; sin embargo, el motivo y las numerosas pruebas contradictorias permanecen sin aclarar, lo que nos insta a reflexionar sobre la corrupci\u00f3n que est\u00e1 profundamente arraigada en nuestra sociedad.<\/p>\n\n\n\n<p>Observar este material de investigaci\u00f3n me gener\u00f3 una gran sensaci\u00f3n de malestar.<\/p>","protected":false},"excerpt":{"rendered":"<p>Puntuaci\u00f3n: &#x2b50;&#x2b50;&#x2b50;&#x2b50;&#x2b50; Nuestra siguiente recomendaci\u00f3n es una dramatizaci\u00f3n inspirada en hechos reales. Sipnosis Una mirada a la historia de la desaparici\u00f3n de Asunta, una ni\u00f1a de 12 a\u00f1os encontrada sin vida al costado de una carretera cerca de Santiago de Compostela en 2013. Sus padres adoptivos eran sospechosos de instigar el crimen. \u00bfCu\u00e1les podr\u00edan ser &hellip;<\/p>","protected":false},"author":2,"featured_media":21173,"comment_status":"closed","ping_status":"closed","sticky":false,"template":"","format":"standard","meta":{"jetpack_post_was_ever_published":false,"_jetpack_newsletter_access":"","_jetpack_dont_email_post_to_subs":false,"_jetpack_newsletter_tier_id":0,"_jetpack_memberships_contains_paywalled_content":false,"_jetpack_memberships_contains_paid_content":false,"footnotes":"","jetpack_publicize_message":"","jetpack_publicize_feature_enabled":true,"jetpack_social_post_already_shared":true,"jetpack_social_options":{"image_generator_settings":{"template":"highway","default_image_id":0,"font":"","enabled":false},"version":2}},"categories":[734,733],"tags":[933,834,1262],"class_list":["post-21172","post","type-post","status-publish","format-standard","has-post-thumbnail","hentry","category-documentales","category-originales-de-netflix","tag-documentales-de-investigacion","tag-docuserie","tag-trabajo-de-investigacion"],"jetpack_publicize_connections":[],"jetpack_featured_media_url":"https:\/\/www.macquero.com\/wp-content\/uploads\/2024\/04\/oa.jpg","jetpack_sharing_enabled":true,"_links":{"self":[{"href":"https:\/\/www.macquero.com\/en\/wp-json\/wp\/v2\/posts\/21172","targetHints":{"allow":["GET"]}}],"collection":[{"href":"https:\/\/www.macquero.com\/en\/wp-json\/wp\/v2\/posts"}],"about":[{"href":"https:\/\/www.macquero.com\/en\/wp-json\/wp\/v2\/types\/post"}],"author":[{"embeddable":true,"href":"https:\/\/www.macquero.com\/en\/wp-json\/wp\/v2\/users\/2"}],"replies":[{"embeddable":true,"href":"https:\/\/www.macquero.com\/en\/wp-json\/wp\/v2\/comments?post=21172"}],"version-history":[{"count":2,"href":"https:\/\/www.macquero.com\/en\/wp-json\/wp\/v2\/posts\/21172\/revisions"}],"predecessor-version":[{"id":21175,"href":"https:\/\/www.macquero.com\/en\/wp-json\/wp\/v2\/posts\/21172\/revisions\/21175"}],"wp:featuredmedia":[{"embeddable":true,"href":"https:\/\/www.macquero.com\/en\/wp-json\/wp\/v2\/media\/21173"}],"wp:attachment":[{"href":"https:\/\/www.macquero.com\/en\/wp-json\/wp\/v2\/media?parent=21172"}],"wp:term":[{"taxonomy":"category","embeddable":true,"href":"https:\/\/www.macquero.com\/en\/wp-json\/wp\/v2\/categories?post=21172"},{"taxonomy":"post_tag","embeddable":true,"href":"https:\/\/www.macquero.com\/en\/wp-json\/wp\/v2\/tags?post=21172"}],"curies":[{"name":"wp","href":"https:\/\/api.w.org\/{rel}","templated":true}]}}