{"id":21118,"date":"2024-04-16T00:20:00","date_gmt":"2024-04-16T06:20:00","guid":{"rendered":"https:\/\/www.macquero.com\/?p=21118"},"modified":"2024-04-15T17:50:27","modified_gmt":"2024-04-15T23:50:27","slug":"el-proximo-ano-se-rumorea-que-apple-podria-finalmente-lanzar-su-tan-esperado-iphone-plegable","status":"publish","type":"post","link":"https:\/\/www.macquero.com\/en\/2024\/04\/el-proximo-ano-se-rumorea-que-apple-podria-finalmente-lanzar-su-tan-esperado-iphone-plegable\/","title":{"rendered":"El pr\u00f3ximo a\u00f1o, se rumorea que Apple podr\u00eda finalmente lanzar su tan esperado iPhone plegable&#8230;"},"content":{"rendered":"<p>Empresas l\u00edderes en tecnolog\u00eda como Xiaomi y Samsung ya est\u00e1n incursionando en el mercado de los tel\u00e9fonos m\u00f3viles plegables, compitiendo fervientemente por una revoluci\u00f3n en el sector. Mientras aguardamos el lanzamiento del nuevo iPhone 16 en la WWDC (Conferencia Mundial de Desarrolladores de Apple), la expectativa por el primer iPhone plegable est\u00e1 en aumento.<\/p>\n\n\n\n<p>Seg\u00fan informes de ITHome, Apple podr\u00eda estar intensificando sus esfuerzos en el desarrollo de tel\u00e9fonos m\u00f3viles plegables, y algunas predicciones apuntan a que podr\u00edan llegar al mercado en los a\u00f1os 2026 o 2027. <\/p>\n\n\n\n<p>Sin embargo, siempre queda la posibilidad de que este proyecto nunca vea la luz. <\/p>\n\n\n\n<blockquote class=\"wp-block-quote is-layout-flow wp-block-quote-is-layout-flow\">\n<p>\u00a1Qu\u00e9 incertidumbre! (Risas).<\/p>\n<\/blockquote>\n\n\n\n<h2 class=\"wp-block-heading\">\u00bfUn iPhone plegable en 2025?<\/h2>\n\n\n\n<p>Este intrigante y fascinante rumor sugiere que Apple podr\u00eda estar trabajando en un iPhone plegable con un dise\u00f1o similar al del Galaxy Z Flip o Z Fold. Sin embargo, m\u00e1s all\u00e1 de la veracidad de esta afirmaci\u00f3n, parece poco probable que el iPhone sea el primer dispositivo plegable de Apple, dado que varios analistas sugieren que otro producto podr\u00eda precederlo.<\/p>\n\n\n\n<p>Seg\u00fan una publicaci\u00f3n en X, antigua cuenta de Twitter, de <a href=\"https:\/\/twitter.com\/mingchikuo\/status\/1765563986089783322?ref_src=twsrc%5Etfw%7Ctwcamp%5Etweetembed%7Ctwterm%5E1765563986089783322%7Ctwgr%5E%7Ctwcon%5Es1_&amp;ref_url=https%3A%2F%2Fwww.20minutos.es%2Ftecnologia%2Fmoviles-dispositivos%2Fapple-lanzar-iphone-plegable-ano-viene-5235258%2F\" data-type=\"URL\" data-id=\"https:\/\/twitter.com\/mingchikuo\/status\/1765563986089783322?ref_src=twsrc%5Etfw%7Ctwcamp%5Etweetembed%7Ctwterm%5E1765563986089783322%7Ctwgr%5E%7Ctwcon%5Es1_&amp;ref_url=https%3A%2F%2Fwww.20minutos.es%2Ftecnologia%2Fmoviles-dispositivos%2Fapple-lanzar-iphone-plegable-ano-viene-5235258%2F\" target=\"_blank\" rel=\"noreferrer noopener\">Ming-Chi Kuo<\/a>, un analista de renombre de la marca, el \u00fanico producto plegable de Apple con un calendario de desarrollo es el MacBook de 20,3 pulgadas, que se espera que entre en producci\u00f3n en 2027. <strong>Mark Gurman<\/strong>, otro analista de Apple, ha mencionado en varias ocasiones el inter\u00e9s de la compa\u00f1\u00eda en crear uno de 20 pulgadas.<\/p>\n\n\n\n<p>Uno de los desaf\u00edos que podr\u00eda enfrentar Apple en la creaci\u00f3n de su dispositivo m\u00f3vil plegable, y que podr\u00eda obstaculizar su desarrollo, ser\u00eda la necesidad de que la bisagra del dispositivo sea lo menos perceptible posible tanto visual como t\u00e1ctilmente. Los modelos actuales no cumplen con los est\u00e1ndares de calidad en este aspecto, lo que podr\u00eda ser la causa de su retraso.<\/p>","protected":false},"excerpt":{"rendered":"<p>Empresas l\u00edderes en tecnolog\u00eda como Xiaomi y Samsung ya est\u00e1n incursionando en el mercado de los tel\u00e9fonos m\u00f3viles plegables, compitiendo fervientemente por una revoluci\u00f3n en el sector. Mientras aguardamos el lanzamiento del nuevo iPhone 16 en la WWDC (Conferencia Mundial de Desarrolladores de Apple), la expectativa por el primer iPhone plegable est\u00e1 en aumento. Seg\u00fan &hellip;<\/p>","protected":false},"author":2,"featured_media":21119,"comment_status":"closed","ping_status":"closed","sticky":false,"template":"","format":"standard","meta":{"jetpack_post_was_ever_published":false,"_jetpack_newsletter_access":"","_jetpack_dont_email_post_to_subs":false,"_jetpack_newsletter_tier_id":0,"_jetpack_memberships_contains_paywalled_content":false,"_jetpack_memberships_contains_paid_content":false,"footnotes":"","jetpack_publicize_message":"","jetpack_publicize_feature_enabled":true,"jetpack_social_post_already_shared":true,"jetpack_social_options":{"image_generator_settings":{"template":"highway","default_image_id":0,"font":"","enabled":false},"version":2}},"categories":[5,1054],"tags":[286],"class_list":["post-21118","post","type-post","status-publish","format-standard","has-post-thumbnail","hentry","category-apple","category-rumores","tag-novedades"],"jetpack_publicize_connections":[],"jetpack_featured_media_url":"https:\/\/www.macquero.com\/wp-content\/uploads\/2024\/04\/pp_out.jpg","jetpack_sharing_enabled":true,"_links":{"self":[{"href":"https:\/\/www.macquero.com\/en\/wp-json\/wp\/v2\/posts\/21118","targetHints":{"allow":["GET"]}}],"collection":[{"href":"https:\/\/www.macquero.com\/en\/wp-json\/wp\/v2\/posts"}],"about":[{"href":"https:\/\/www.macquero.com\/en\/wp-json\/wp\/v2\/types\/post"}],"author":[{"embeddable":true,"href":"https:\/\/www.macquero.com\/en\/wp-json\/wp\/v2\/users\/2"}],"replies":[{"embeddable":true,"href":"https:\/\/www.macquero.com\/en\/wp-json\/wp\/v2\/comments?post=21118"}],"version-history":[{"count":1,"href":"https:\/\/www.macquero.com\/en\/wp-json\/wp\/v2\/posts\/21118\/revisions"}],"predecessor-version":[{"id":21120,"href":"https:\/\/www.macquero.com\/en\/wp-json\/wp\/v2\/posts\/21118\/revisions\/21120"}],"wp:featuredmedia":[{"embeddable":true,"href":"https:\/\/www.macquero.com\/en\/wp-json\/wp\/v2\/media\/21119"}],"wp:attachment":[{"href":"https:\/\/www.macquero.com\/en\/wp-json\/wp\/v2\/media?parent=21118"}],"wp:term":[{"taxonomy":"category","embeddable":true,"href":"https:\/\/www.macquero.com\/en\/wp-json\/wp\/v2\/categories?post=21118"},{"taxonomy":"post_tag","embeddable":true,"href":"https:\/\/www.macquero.com\/en\/wp-json\/wp\/v2\/tags?post=21118"}],"curies":[{"name":"wp","href":"https:\/\/api.w.org\/{rel}","templated":true}]}}