{"id":21098,"date":"2024-04-11T09:55:57","date_gmt":"2024-04-11T15:55:57","guid":{"rendered":"https:\/\/www.macquero.com\/?p=21098"},"modified":"2024-04-11T09:59:11","modified_gmt":"2024-04-11T15:59:11","slug":"persisten-los-problemas-algunos-usuarios-de-las-apple-vision-pro-reportan-experimentar-dolores-de-cabeza-y-manchas-oscuras-debajo-de-los-ojos","status":"publish","type":"post","link":"https:\/\/www.macquero.com\/en\/2024\/04\/persisten-los-problemas-algunos-usuarios-de-las-apple-vision-pro-reportan-experimentar-dolores-de-cabeza-y-manchas-oscuras-debajo-de-los-ojos\/","title":{"rendered":"Persisten los problemas: Algunos usuarios de las Apple Vision Pro reportan experimentar &#8220;dolores de cabeza&#8221; y &#8220;manchas oscuras&#8221; debajo de los ojos."},"content":{"rendered":"<p>Apple present\u00f3 los esperados lentes de realidad mixta Vision Pro durante la Conferencia Mundial de Desarrolladores (WWDC, por sus siglas en ingl\u00e9s) del a\u00f1o pasado, sin anunciar una fecha exacta de lanzamiento. Sin embargo, en enero, estos lentes salieron a la preventa \u00fanicamente en Estados Unidos, sin especificar cu\u00e1ndo estar\u00edan disponibles en otros pa\u00edses.<\/p>\n\n\n\n<p>Numerosos usuarios estadounidenses adquirieron las Vision Pro para probarlas en diversas situaciones, incluso en la calle o en el auto, aunque esta \u00faltima acci\u00f3n no es recomendada. No obstante, varios de estos usuarios devolvieron el producto al no cumplir con las expectativas prometidas por Apple. Adem\u00e1s, ahora se informa que otros propietarios est\u00e1n enfrentando problemas de salud relacionados con el uso del dispositivo, seg\u00fan un informe de MarketWatch.<\/p>\n\n\n\n<h2 class=\"wp-block-heading\">Reportes<\/h2>\n\n\n\n<p>Estos usuarios reportaron sufrir de dolores de cabeza y rigidez en el cuello. Adem\u00e1s, Emily Olman, directora de marketing de Hopscotch Interactive, mencion\u00f3 al peri\u00f3dico que desarroll\u00f3 &#8220;ojeras&#8221; debido al &#8220;peso en las mejillas&#8221; provocado por el uso prolongado de los lentes. Por otro lado, Ian Beacraft, CEO de la firma de consultor\u00eda Signal, a\u00f1adi\u00f3 que experiment\u00f3 &#8220;malestar en la base del cr\u00e1neo y la parte superior de la espalda&#8221;.<\/p>\n\n\n\n<p>Adem\u00e1s, varios usuarios de <a href=\"https:\/\/www.reddit.com\/r\/VisionPro\/comments\/1apmvy2\/discomfort_and_headaches_with_vision_pro\/?utm_source=embedv2&amp;utm_medium=post_embed&amp;utm_content=post_title&amp;embed_host_url=https:\/\/www.20minutos.es\/tecnologia\/moviles-dispositivos\/apple-vision-pro-quejas-dolores-cabeza-manchas-ojos-5234887\/\" data-type=\"URL\" data-id=\"https:\/\/www.reddit.com\/r\/VisionPro\/comments\/1apmvy2\/discomfort_and_headaches_with_vision_pro\/?utm_source=embedv2&amp;utm_medium=post_embed&amp;utm_content=post_title&amp;embed_host_url=https:\/\/www.20minutos.es\/tecnologia\/moviles-dispositivos\/apple-vision-pro-quejas-dolores-cabeza-manchas-ojos-5234887\/\" target=\"_blank\" rel=\"noreferrer noopener\">Reddit<\/a> compartieron en un hilo que tambi\u00e9n padecieron de dolores de cabeza persistentes, fatiga visual y molestias debido al peso del dispositivo.<\/p>\n\n\n\n<h2 class=\"wp-block-heading\">Opini\u00f3n personal<\/h2>\n\n\n\n<p>Es comprensible y ampliamente reconocido que el uso prolongado de cualquier dispositivo que implique cierto esfuerzo f\u00edsico, puede acarrear diversos problemas de salud.<\/p>\n\n\n\n<p>Al leer la fuente, <strong>encuentro cierta iron\u00eda<\/strong>, ya que aunque los lentes son esencialmente un prototipo, pues s\u00ed, son pesados&#8230; Si uno los usa durante todo el d\u00eda, es natural experimentar algunas incomodidades.<\/p>\n\n\n\n<h2 class=\"wp-block-heading\">\u00bfQu\u00e9 dice Apple al respecto?<\/h2>\n\n\n\n<p>En primer lugar, seg\u00fan el peri\u00f3dico MacRumors, Apple &#8220;<strong>se neg\u00f3 a comentar<\/strong> sobre las quejas de los clientes&#8221;.<\/p>\n\n\n\n<p>Por otro lado, el diario <strong>AppleInsider<\/strong> informa que &#8220;Apple aconseja a los usuarios que experimenten malestar que tomen descansos frecuentes cada 20 a 30 minutos hasta que desaparezcan los s\u00edntomas&#8221;. <\/p>\n\n\n\n<p>Adem\u00e1s, Apple indica que &#8220;el uso de Vision Pro nunca deber\u00eda provocar dolor&#8221;.<\/p>\n\n\n\n<blockquote class=\"wp-block-quote is-layout-flow wp-block-quote-is-layout-flow\">\n<p>Bueeeh&#8230;<\/p>\n<\/blockquote>","protected":false},"excerpt":{"rendered":"<p>Apple present\u00f3 los esperados lentes de realidad mixta Vision Pro durante la Conferencia Mundial de Desarrolladores (WWDC, por sus siglas en ingl\u00e9s) del a\u00f1o pasado, sin anunciar una fecha exacta de lanzamiento. Sin embargo, en enero, estos lentes salieron a la preventa \u00fanicamente en Estados Unidos, sin especificar cu\u00e1ndo estar\u00edan disponibles en otros pa\u00edses. Numerosos &hellip;<\/p>","protected":false},"author":2,"featured_media":21101,"comment_status":"closed","ping_status":"closed","sticky":false,"template":"","format":"standard","meta":{"jetpack_post_was_ever_published":false,"_jetpack_newsletter_access":"","_jetpack_dont_email_post_to_subs":false,"_jetpack_newsletter_tier_id":0,"_jetpack_memberships_contains_paywalled_content":false,"_jetpack_memberships_contains_paid_content":false,"footnotes":"","jetpack_publicize_message":"","jetpack_publicize_feature_enabled":true,"jetpack_social_post_already_shared":true,"jetpack_social_options":{"image_generator_settings":{"template":"highway","default_image_id":0,"font":"","enabled":false},"version":2}},"categories":[5,1315],"tags":[1329],"class_list":["post-21098","post","type-post","status-publish","format-standard","has-post-thumbnail","hentry","category-apple","category-vision-pro","tag-problemas-de-salud"],"jetpack_publicize_connections":[],"jetpack_featured_media_url":"https:\/\/www.macquero.com\/wp-content\/uploads\/2024\/04\/pp.jpg","jetpack_sharing_enabled":true,"_links":{"self":[{"href":"https:\/\/www.macquero.com\/en\/wp-json\/wp\/v2\/posts\/21098","targetHints":{"allow":["GET"]}}],"collection":[{"href":"https:\/\/www.macquero.com\/en\/wp-json\/wp\/v2\/posts"}],"about":[{"href":"https:\/\/www.macquero.com\/en\/wp-json\/wp\/v2\/types\/post"}],"author":[{"embeddable":true,"href":"https:\/\/www.macquero.com\/en\/wp-json\/wp\/v2\/users\/2"}],"replies":[{"embeddable":true,"href":"https:\/\/www.macquero.com\/en\/wp-json\/wp\/v2\/comments?post=21098"}],"version-history":[{"count":6,"href":"https:\/\/www.macquero.com\/en\/wp-json\/wp\/v2\/posts\/21098\/revisions"}],"predecessor-version":[{"id":21106,"href":"https:\/\/www.macquero.com\/en\/wp-json\/wp\/v2\/posts\/21098\/revisions\/21106"}],"wp:featuredmedia":[{"embeddable":true,"href":"https:\/\/www.macquero.com\/en\/wp-json\/wp\/v2\/media\/21101"}],"wp:attachment":[{"href":"https:\/\/www.macquero.com\/en\/wp-json\/wp\/v2\/media?parent=21098"}],"wp:term":[{"taxonomy":"category","embeddable":true,"href":"https:\/\/www.macquero.com\/en\/wp-json\/wp\/v2\/categories?post=21098"},{"taxonomy":"post_tag","embeddable":true,"href":"https:\/\/www.macquero.com\/en\/wp-json\/wp\/v2\/tags?post=21098"}],"curies":[{"name":"wp","href":"https:\/\/api.w.org\/{rel}","templated":true}]}}