{"id":21068,"date":"2024-04-01T07:37:19","date_gmt":"2024-04-01T13:37:19","guid":{"rendered":"https:\/\/www.macquero.com\/?p=21068"},"modified":"2024-04-01T07:37:23","modified_gmt":"2024-04-01T13:37:23","slug":"en-mayo-se-lanzaran-los-nuevos-ipad-pro-oled-y-ipad-air-de-apple","status":"publish","type":"post","link":"https:\/\/www.macquero.com\/en\/2024\/04\/en-mayo-se-lanzaran-los-nuevos-ipad-pro-oled-y-ipad-air-de-apple\/","title":{"rendered":"En mayo se lanzar\u00e1n los nuevos iPad Pro OLED y iPad Air de Apple."},"content":{"rendered":"<p>Los primeros indicios sobre los pr\u00f3ximos iPads de Apple surgieron a mediados de marzo, pero una reciente filtraci\u00f3n del periodista Mark Gurman del diario Bloomberg sugiere que los dispositivos con pantalla OLED, as\u00ed como las versiones Air de 12,9 pulgadas, estar\u00e1n disponibles en mayo.<\/p>\n\n\n\n<p>Se informa que los nuevos modelos de iPad Pro OLED vendr\u00e1n equipados con el chip interno M3 de Apple, junto con un Magic Keyboard actualizado que incluye un Apple Pencil de mayor tama\u00f1o. Por otro lado, el iPad Air integrar\u00e1 el chip M2 de \u00faltima generaci\u00f3n y estar\u00e1 disponible en dos tama\u00f1os: la opci\u00f3n est\u00e1ndar de 10,9 pulgadas y una pantalla m\u00e1s grande de 12,9 pulgadas.<\/p>\n\n\n\n<p>Sin embargo, en un cambio respecto a ocasiones anteriores, Gurman se\u00f1ala que Apple no tiene planeado realizar un evento de presentaci\u00f3n para estos dispositivos, ya que solo estar\u00e1n disponibles a trav\u00e9s de su p\u00e1gina web.<\/p>\n\n\n\n<h2 class=\"wp-block-heading\">Caracter\u00edsticas de los iPad Pro y iPad Air<\/h2>\n\n\n\n<p>En relaci\u00f3n al iPad Pro, se anticipa que este dispositivo contar\u00e1 con una pantalla OLED, ser\u00e1 m\u00e1s delgado que su predecesor, estar\u00e1 equipado con el procesador M3, presentar\u00e1 una c\u00e1mara frontal en uno de los laterales, y ofrecer\u00e1 un redise\u00f1ado Magic Keyboard en aluminio, junto con un Apple Pencil de tercera generaci\u00f3n que incluye puntas magn\u00e9ticas intercambiables.<\/p>\n\n\n\n<p>Por otro lado, en lo que respecta al iPad Air, se espera el lanzamiento de dos modelos: uno de 12,9 pulgadas y otro de 10,9 pulgadas, ambos equipados con el procesador M2. Estos dispositivos tambi\u00e9n contar\u00e1n con una c\u00e1mara frontal ubicada en uno de los lados, adem\u00e1s de venir en nuevos colores disponibles. <\/p>","protected":false},"excerpt":{"rendered":"<p>Los primeros indicios sobre los pr\u00f3ximos iPads de Apple surgieron a mediados de marzo, pero una reciente filtraci\u00f3n del periodista Mark Gurman del diario Bloomberg sugiere que los dispositivos con pantalla OLED, as\u00ed como las versiones Air de 12,9 pulgadas, estar\u00e1n disponibles en mayo. Se informa que los nuevos modelos de iPad Pro OLED vendr\u00e1n &hellip;<\/p>","protected":false},"author":2,"featured_media":21069,"comment_status":"closed","ping_status":"closed","sticky":false,"template":"","format":"standard","meta":{"jetpack_post_was_ever_published":false,"_jetpack_newsletter_access":"","_jetpack_dont_email_post_to_subs":false,"_jetpack_newsletter_tier_id":0,"_jetpack_memberships_contains_paywalled_content":false,"_jetpack_memberships_contains_paid_content":false,"footnotes":"","jetpack_publicize_message":"","jetpack_publicize_feature_enabled":true,"jetpack_social_post_already_shared":true,"jetpack_social_options":{"image_generator_settings":{"template":"highway","default_image_id":0,"font":"","enabled":false},"version":2}},"categories":[5,117],"tags":[1048],"class_list":["post-21068","post","type-post","status-publish","format-standard","has-post-thumbnail","hentry","category-apple","category-ipad","tag-noticias"],"jetpack_publicize_connections":[],"jetpack_featured_media_url":"https:\/\/www.macquero.com\/wp-content\/uploads\/2024\/04\/1_out.jpg","jetpack_sharing_enabled":true,"_links":{"self":[{"href":"https:\/\/www.macquero.com\/en\/wp-json\/wp\/v2\/posts\/21068","targetHints":{"allow":["GET"]}}],"collection":[{"href":"https:\/\/www.macquero.com\/en\/wp-json\/wp\/v2\/posts"}],"about":[{"href":"https:\/\/www.macquero.com\/en\/wp-json\/wp\/v2\/types\/post"}],"author":[{"embeddable":true,"href":"https:\/\/www.macquero.com\/en\/wp-json\/wp\/v2\/users\/2"}],"replies":[{"embeddable":true,"href":"https:\/\/www.macquero.com\/en\/wp-json\/wp\/v2\/comments?post=21068"}],"version-history":[{"count":1,"href":"https:\/\/www.macquero.com\/en\/wp-json\/wp\/v2\/posts\/21068\/revisions"}],"predecessor-version":[{"id":21070,"href":"https:\/\/www.macquero.com\/en\/wp-json\/wp\/v2\/posts\/21068\/revisions\/21070"}],"wp:featuredmedia":[{"embeddable":true,"href":"https:\/\/www.macquero.com\/en\/wp-json\/wp\/v2\/media\/21069"}],"wp:attachment":[{"href":"https:\/\/www.macquero.com\/en\/wp-json\/wp\/v2\/media?parent=21068"}],"wp:term":[{"taxonomy":"category","embeddable":true,"href":"https:\/\/www.macquero.com\/en\/wp-json\/wp\/v2\/categories?post=21068"},{"taxonomy":"post_tag","embeddable":true,"href":"https:\/\/www.macquero.com\/en\/wp-json\/wp\/v2\/tags?post=21068"}],"curies":[{"name":"wp","href":"https:\/\/api.w.org\/{rel}","templated":true}]}}