{"id":21009,"date":"2024-03-11T00:20:00","date_gmt":"2024-03-11T06:20:00","guid":{"rendered":"https:\/\/www.macquero.com\/?p=21009"},"modified":"2024-03-10T12:29:20","modified_gmt":"2024-03-10T18:29:20","slug":"the-program-cons-cults-and-kidnapping","status":"publish","type":"post","link":"https:\/\/www.macquero.com\/en\/2024\/03\/the-program-cons-cults-and-kidnapping\/","title":{"rendered":"The Program: Cons, Cults, and Kidnapping."},"content":{"rendered":"<p>Puntuaci\u00f3n: &#x2b50;&#x2b50;&#x2b50;<\/p>\n\n\n\n<p>Nuestra siguiente recomendaci\u00f3n forma parte de las tendencias en el mes de marzo.<\/p>\n\n\n\n<h2 class=\"wp-block-heading\">Sipnosis<\/h2>\n\n\n\n<p>A\u00f1os despu\u00e9s de ser enviada a una escuela disciplinaria, una mujer atormentada por sus experiencias expone la corrupci\u00f3n y el abuso de la problem\u00e1tica industria adolescente.<\/p>\n\n\n\n<p>Esta docuserie es un desgarrador relato dirigido y narrado por Katherine Kubler. <\/p>\n\n\n\n<h2 class=\"wp-block-heading\">La pel\u00edcula tiene como objetivo revelar al mundo los sombr\u00edos programas destinados a j\u00f3venes rebeldes, un sistema que, en lugar de desaparecer, sigue poniendo en peligro a miles de personas bajo la premisa de &#8220;corregirlos&#8221;.<\/h2>\n\n\n\n<p>En este caso, la cineasta aprovecha su horrible experiencia en el\u00a0<strong>Academy at Ivy Ridge<\/strong>\u00a0para exponer las injusticias y abusos que suced\u00edan en ese lugar marcado por todo tipo de atrocidades, donde incluso se llega a hablar de cultos para influenciar a los padres.<\/p>\n\n\n\n<p>Este trabajo de investigaci\u00f3n no solo se centra en Ivy Ridge, sino que tambi\u00e9n se sit\u00faa en un contexto m\u00e1s amplio: busca exponer &#8220;la industria de programas para adolescentes&#8221; problem\u00e1ticos y las numerosas instituciones <strong>internas no reguladas<\/strong> que a\u00fan operan en todo el pa\u00eds. A pesar de que algunas escuelas cierran, muchas encuentran la forma de reabrir bajo nuevos nombres. <\/p>\n\n\n\n<p><strong>Katherine Kubler<\/strong> resalta la importancia de encontrar alternativas para las familias en crisis y el objetivo de exponer y clausurar definitivamente estos presuntos centros de correcci\u00f3n.<\/p>","protected":false},"excerpt":{"rendered":"<p>Puntuaci\u00f3n: &#x2b50;&#x2b50;&#x2b50; Nuestra siguiente recomendaci\u00f3n forma parte de las tendencias en el mes de marzo. Sipnosis A\u00f1os despu\u00e9s de ser enviada a una escuela disciplinaria, una mujer atormentada por sus experiencias expone la corrupci\u00f3n y el abuso de la problem\u00e1tica industria adolescente. Esta docuserie es un desgarrador relato dirigido y narrado por Katherine Kubler. La &hellip;<\/p>","protected":false},"author":2,"featured_media":21010,"comment_status":"closed","ping_status":"closed","sticky":false,"template":"","format":"standard","meta":{"jetpack_post_was_ever_published":false,"_jetpack_newsletter_access":"","_jetpack_dont_email_post_to_subs":false,"_jetpack_newsletter_tier_id":0,"_jetpack_memberships_contains_paywalled_content":false,"_jetpack_memberships_contains_paid_content":false,"footnotes":"","jetpack_publicize_message":"","jetpack_publicize_feature_enabled":true,"jetpack_social_post_already_shared":true,"jetpack_social_options":{"image_generator_settings":{"template":"highway","default_image_id":0,"font":"","enabled":false},"version":2}},"categories":[734],"tags":[1262,1306],"class_list":["post-21009","post","type-post","status-publish","format-standard","has-post-thumbnail","hentry","category-documentales","tag-trabajo-de-investigacion","tag-true-crime"],"jetpack_publicize_connections":[],"jetpack_featured_media_url":"https:\/\/www.macquero.com\/wp-content\/uploads\/2024\/03\/so.jpg","jetpack_sharing_enabled":true,"_links":{"self":[{"href":"https:\/\/www.macquero.com\/en\/wp-json\/wp\/v2\/posts\/21009","targetHints":{"allow":["GET"]}}],"collection":[{"href":"https:\/\/www.macquero.com\/en\/wp-json\/wp\/v2\/posts"}],"about":[{"href":"https:\/\/www.macquero.com\/en\/wp-json\/wp\/v2\/types\/post"}],"author":[{"embeddable":true,"href":"https:\/\/www.macquero.com\/en\/wp-json\/wp\/v2\/users\/2"}],"replies":[{"embeddable":true,"href":"https:\/\/www.macquero.com\/en\/wp-json\/wp\/v2\/comments?post=21009"}],"version-history":[{"count":1,"href":"https:\/\/www.macquero.com\/en\/wp-json\/wp\/v2\/posts\/21009\/revisions"}],"predecessor-version":[{"id":21011,"href":"https:\/\/www.macquero.com\/en\/wp-json\/wp\/v2\/posts\/21009\/revisions\/21011"}],"wp:featuredmedia":[{"embeddable":true,"href":"https:\/\/www.macquero.com\/en\/wp-json\/wp\/v2\/media\/21010"}],"wp:attachment":[{"href":"https:\/\/www.macquero.com\/en\/wp-json\/wp\/v2\/media?parent=21009"}],"wp:term":[{"taxonomy":"category","embeddable":true,"href":"https:\/\/www.macquero.com\/en\/wp-json\/wp\/v2\/categories?post=21009"},{"taxonomy":"post_tag","embeddable":true,"href":"https:\/\/www.macquero.com\/en\/wp-json\/wp\/v2\/tags?post=21009"}],"curies":[{"name":"wp","href":"https:\/\/api.w.org\/{rel}","templated":true}]}}