{"id":20960,"date":"2024-03-02T00:20:00","date_gmt":"2024-03-02T06:20:00","guid":{"rendered":"https:\/\/www.macquero.com\/?p=20960"},"modified":"2024-02-29T02:17:15","modified_gmt":"2024-02-29T08:17:15","slug":"nueva-polemica-con-las-apple-vision-pro-las-pantallas-de-las-gafas-de-realidad-mixta-se-agrietan-solas","status":"publish","type":"post","link":"https:\/\/www.macquero.com\/en\/2024\/03\/nueva-polemica-con-las-apple-vision-pro-las-pantallas-de-las-gafas-de-realidad-mixta-se-agrietan-solas\/","title":{"rendered":"Surge una nueva controversia relacionada con las Apple Vision Pro: las pantallas de los lentes de realidad mixta presentan grietas de forma espont\u00e1nea."},"content":{"rendered":"<p>A principios de febrero, la marca de la manzana puso a la venta sus auriculares en Estados Unidos y, antes de que termine el mes, ya est\u00e1 recibiendo quejas por roturas en la pantalla y parece que es un problema de f\u00e1brica.&nbsp;<\/p>\n\n\n\n<p>No hace ni un mes que las<strong>\u00a0Apple Vision Pro<\/strong>\u00a0salieron al mercado en Estados Unidos por 3.499 d\u00f3lares y\u00a0<strong>las pantallas ya se est\u00e1n rompiendo<\/strong>. <\/p>\n\n\n\n<figure class=\"wp-block-image size-large\"><a href=\"https:\/\/www.macquero.com\/wp-content\/uploads\/2024\/02\/foto2.jpg\"><img loading=\"lazy\" decoding=\"async\" width=\"940\" height=\"529\" src=\"https:\/\/www.macquero.com\/wp-content\/uploads\/2024\/02\/foto2-940x529.jpg\" alt=\"\" class=\"wp-image-20968\" srcset=\"https:\/\/www.macquero.com\/wp-content\/uploads\/2024\/02\/foto2-940x529.jpg 940w, https:\/\/www.macquero.com\/wp-content\/uploads\/2024\/02\/foto2-620x349.jpg 620w, https:\/\/www.macquero.com\/wp-content\/uploads\/2024\/02\/foto2-300x169.jpg 300w, https:\/\/www.macquero.com\/wp-content\/uploads\/2024\/02\/foto2-768x433.jpg 768w, https:\/\/www.macquero.com\/wp-content\/uploads\/2024\/02\/foto2-18x10.jpg 18w, https:\/\/www.macquero.com\/wp-content\/uploads\/2024\/02\/foto2-390x220.jpg 390w, https:\/\/www.macquero.com\/wp-content\/uploads\/2024\/02\/foto2.jpg 1264w\" sizes=\"auto, (max-width: 940px) 100vw, 940px\" \/><\/a><\/figure>\n\n\n\n<p>El primer fin de semana tras ponerlas a la venta se notificaron algunos casos en los que&nbsp;los lentes de realidad mixta se hab\u00edan destrozado. El problema no parec\u00eda tener que ver con la firma, pero cada vez m\u00e1s usuarios se est\u00e1n quejando de ello.<\/p>\n\n\n\n<h1 class=\"wp-block-heading\">\u00a1Qu\u00e9 horror!<\/h1>\n\n\n\n<p>En las plataformas de redes sociales, numerosos usuarios han expresado su frustraci\u00f3n al descubrir grietas en las pantallas de sus Vision Pro. Aunque no hemos evaluado personalmente este dispositivo, varios usuarios afirman que las pantallas est\u00e1n comenzando a romperse sin que el dispositivo haya sufrido golpes o ca\u00eddas.<\/p>\n\n\n\n<p>Un usuario de Reddit que utiliza el seud\u00f3nimo <a href=\"https:\/\/www.reddit.com\/r\/VisionPro\/comments\/1awr2di\/cracked_but_not_dropped\/?utm_source=embedv2&amp;utm_medium=post_embed&amp;utm_content=post_title&amp;embed_host_url=https:\/\/www.20minutos.es\/tecnologia\/moviles-dispositivos\/nueva-polemica-apple-vision-pro-pantallas-agrietan-5221961\/&amp;rdt=44804\" data-type=\"URL\" data-id=\"https:\/\/www.reddit.com\/r\/VisionPro\/comments\/1awr2di\/cracked_but_not_dropped\/?utm_source=embedv2&amp;utm_medium=post_embed&amp;utm_content=post_title&amp;embed_host_url=https:\/\/www.20minutos.es\/tecnologia\/moviles-dispositivos\/nueva-polemica-apple-vision-pro-pantallas-agrietan-5221961\/&amp;rdt=44804\" target=\"_blank\" rel=\"noreferrer noopener\">u\/dornbirn<\/a> ha relatado que de repente, de un d\u00eda para otro, descubri\u00f3 una grieta en sus costosos lentes de realidad mixta, la cual se extend\u00eda desde el puente nasal hacia la parte superior. -En sus comentarios, otros dos usuarios, u\/inphenit y u\/Wohinbistdu, han compartido im\u00e1genes de grietas similares.<\/p>\n\n\n\n<p>En la actualidad, el costo de reparaci\u00f3n de la pantalla de los auriculares Vision Pro es de 779 d\u00f3lares, aunque si se cuenta con Apple Care, el precio se reduce a 299 d\u00f3lares. Por lo tanto, es comprensible que los usuarios de la marca Apple est\u00e9n molestos ante este problema.<\/p>\n\n\n\n<h2 class=\"wp-block-heading\">\u00bfCu\u00e1l es la causa de las grietas en las pantallas del Vision Pro?<\/h2>\n\n\n\n<p>Apple a\u00fan no ha emitido ning\u00fan comunicado oficial sobre esta situaci\u00f3n, pero las im\u00e1genes compartidas muestran grietas similares en los auriculares. <strong>Esto sugiere que podr\u00eda tratarse de un error de fabricaci\u00f3n y no de un mal uso por parte de los usuarios.<\/strong><\/p>\n\n\n\n<p>En todos los casos reportados, los consumidores afectados han explicado que las Vision Pro se agrietaron despu\u00e9s de dejarlas cargando con la cubierta frontal puesta. <\/p>\n\n\n\n<blockquote class=\"wp-block-quote is-layout-flow wp-block-quote-is-layout-flow\">\n<p>Por esta raz\u00f3n, <strong>Tech Radar<\/strong> sugiere que la \u00fanica soluci\u00f3n podr\u00eda ser cargar los lentes sin la funda <strong>y evitar dejarlos cargando durante per\u00edodos prolongados<\/strong>. Seg\u00fan su an\u00e1lisis, &#8220;A medida que los lentes se cargan, <strong>estos se calientan y, debido a la cubierta, este calor no se disipa r\u00e1pidamente<\/strong>.<\/p>\n\n\n\n<p>Quiz\u00e1s una de las capas interiores se expanda m\u00e1s r\u00e1pido que la capa exterior provocando tensi\u00f3n.<\/p>\n<cite>Tech Radar.<\/cite><\/blockquote>\n\n\n\n<blockquote class=\"wp-block-quote is-layout-flow wp-block-quote-is-layout-flow\">\n<p>Nadie conoce la raz\u00f3n exacta y Tech Radar simplemente ofrece especulaciones sobre las posibles causas. Desde mi punto de vista, lo m\u00e1s probable es que se trate de un problema de fabricaci\u00f3n en los materiales.<\/p>\n<\/blockquote>\n\n\n\n<blockquote class=\"wp-block-quote is-layout-flow wp-block-quote-is-layout-flow\">\n<p>Entonces, me pregunto, \u00bfpor qu\u00e9 Apple no proporcion\u00f3 instrucciones claras sobre la forma correcta de cargarlos y no ofreci\u00f3 algunos consejos pr\u00e1cticos? <\/p>\n\n\n\n<p>Esto deber\u00eda haberse hecho antes de que los Apple Vision Pro quedaran da\u00f1ados y no despu\u00e9s.<\/p>\n<\/blockquote>","protected":false},"excerpt":{"rendered":"<p>A principios de febrero, la marca de la manzana puso a la venta sus auriculares en Estados Unidos y, antes de que termine el mes, ya est\u00e1 recibiendo quejas por roturas en la pantalla y parece que es un problema de f\u00e1brica.&nbsp; No hace ni un mes que las\u00a0Apple Vision Pro\u00a0salieron al mercado en Estados &hellip;<\/p>","protected":false},"author":2,"featured_media":20962,"comment_status":"closed","ping_status":"closed","sticky":false,"template":"","format":"standard","meta":{"jetpack_post_was_ever_published":false,"_jetpack_newsletter_access":"","_jetpack_dont_email_post_to_subs":false,"_jetpack_newsletter_tier_id":0,"_jetpack_memberships_contains_paywalled_content":false,"_jetpack_memberships_contains_paid_content":false,"footnotes":"","jetpack_publicize_message":"","jetpack_publicize_feature_enabled":true,"jetpack_social_post_already_shared":true,"jetpack_social_options":{"image_generator_settings":{"template":"highway","default_image_id":0,"font":"","enabled":false},"version":2}},"categories":[5,1315],"tags":[1048],"class_list":["post-20960","post","type-post","status-publish","format-standard","has-post-thumbnail","hentry","category-apple","category-vision-pro","tag-noticias"],"jetpack_publicize_connections":[],"jetpack_featured_media_url":"https:\/\/www.macquero.com\/wp-content\/uploads\/2024\/02\/pp-3.jpg","jetpack_sharing_enabled":true,"_links":{"self":[{"href":"https:\/\/www.macquero.com\/en\/wp-json\/wp\/v2\/posts\/20960","targetHints":{"allow":["GET"]}}],"collection":[{"href":"https:\/\/www.macquero.com\/en\/wp-json\/wp\/v2\/posts"}],"about":[{"href":"https:\/\/www.macquero.com\/en\/wp-json\/wp\/v2\/types\/post"}],"author":[{"embeddable":true,"href":"https:\/\/www.macquero.com\/en\/wp-json\/wp\/v2\/users\/2"}],"replies":[{"embeddable":true,"href":"https:\/\/www.macquero.com\/en\/wp-json\/wp\/v2\/comments?post=20960"}],"version-history":[{"count":5,"href":"https:\/\/www.macquero.com\/en\/wp-json\/wp\/v2\/posts\/20960\/revisions"}],"predecessor-version":[{"id":20969,"href":"https:\/\/www.macquero.com\/en\/wp-json\/wp\/v2\/posts\/20960\/revisions\/20969"}],"wp:featuredmedia":[{"embeddable":true,"href":"https:\/\/www.macquero.com\/en\/wp-json\/wp\/v2\/media\/20962"}],"wp:attachment":[{"href":"https:\/\/www.macquero.com\/en\/wp-json\/wp\/v2\/media?parent=20960"}],"wp:term":[{"taxonomy":"category","embeddable":true,"href":"https:\/\/www.macquero.com\/en\/wp-json\/wp\/v2\/categories?post=20960"},{"taxonomy":"post_tag","embeddable":true,"href":"https:\/\/www.macquero.com\/en\/wp-json\/wp\/v2\/tags?post=20960"}],"curies":[{"name":"wp","href":"https:\/\/api.w.org\/{rel}","templated":true}]}}