{"id":20938,"date":"2024-02-25T05:37:03","date_gmt":"2024-02-25T11:37:03","guid":{"rendered":"https:\/\/www.macquero.com\/?p=20938"},"modified":"2024-02-25T05:39:08","modified_gmt":"2024-02-25T11:39:08","slug":"avatar-la-leyenda-de-aang","status":"publish","type":"post","link":"https:\/\/www.macquero.com\/en\/2024\/02\/avatar-la-leyenda-de-aang\/","title":{"rendered":"Avatar: la leyenda de Aang."},"content":{"rendered":"<p>Puntuaci\u00f3n: &#x2b50;&#x2b50;&#x2b50;&#x2b50;&#x2b50;<\/p>\n\n\n\n<p>Nuestra pr\u00f3xima sugerencia podr\u00eda ser lo m\u00e1s destacado que encontrar\u00e1s en febrero.<\/p>\n\n\n\n<h2 class=\"wp-block-heading\">Sipnosis<\/h2>\n\n\n\n<p>Un chico de 12 a\u00f1os y sus amigos deben usar sus poderes para salvar al mundo del mal\u00e9fico Se\u00f1or del Fuego y traer paz para las tres naciones.<\/p>\n\n\n\n<p>La plataforma ha adaptado la emblem\u00e1tica serie de Nickelodeon y el resultado ha llenado todas las expectativas.<\/p>\n\n\n\n<p>Netflix apost\u00f3 120 millones de d\u00f3lares en una primera temporada de ocho episodios, con la esperanza de encontrar su pr\u00f3ximo gran \u00e9xito en la adaptaci\u00f3n de la serie de fantas\u00eda de Nickelodeon que se emiti\u00f3 entre 2005 y 2008. Esta serie, adem\u00e1s de ser considerada un \u00edcono cultural, presentaba todos los elementos necesarios para cautivar a una nueva audiencia.<\/p>\n\n\n\n<h2 class=\"wp-block-heading\">Aunque la serie original ten\u00eda un amplio alcance, a pesar de su origen en un canal infantil, es innegable que Netflix est\u00e1 apuntando a una audiencia familiar con &#8220;Avatar: La leyenda de Aang&#8221;.<\/h2>\n\n\n\n<p>En cuanto a la adaptaci\u00f3n, los cr\u00edticos han notado que no se adhiere estrictamente a la narrativa del live-action. No obstante, &#8220;Avatar: La leyenda de Aang&#8221; logra cumplir con \u00e9xito varios objetivos fundamentales: introduce la trama de forma cautivadora incluso para los ne\u00f3fitos, nos transporta a un mundo fascinante, realzado por efectos especiales de alta calidad que antes solo se ve\u00edan en producciones de cine y un gui\u00f3n con reglas bien definidas.<\/p>\n\n\n\n<p>Esta primera entrega sienta los cimientos para la creaci\u00f3n de un universo expansivo, que no solo podr\u00eda crecer con nuevas temporadas, sino tambi\u00e9n con secuelas y spin-offs. <\/p>\n\n\n\n<blockquote class=\"wp-block-quote is-layout-flow wp-block-quote-is-layout-flow\">\n<p>Debo admitir que inicialmente no ten\u00eda planes de verla, lo mismo me sucedi\u00f3 con la adaptaci\u00f3n live-action de One Piece. Sin embargo, me dej\u00f3 con ganas de m\u00e1s. Ahora, estamos ansiosos por una segunda temporada.<\/p>\n<cite>Es buen\u00edsima.<\/cite><\/blockquote>","protected":false},"excerpt":{"rendered":"<p>Puntuaci\u00f3n: &#x2b50;&#x2b50;&#x2b50;&#x2b50;&#x2b50; Nuestra pr\u00f3xima sugerencia podr\u00eda ser lo m\u00e1s destacado que encontrar\u00e1s en febrero. Sipnosis Un chico de 12 a\u00f1os y sus amigos deben usar sus poderes para salvar al mundo del mal\u00e9fico Se\u00f1or del Fuego y traer paz para las tres naciones. La plataforma ha adaptado la emblem\u00e1tica serie de Nickelodeon y el resultado &hellip;<\/p>","protected":false},"author":2,"featured_media":20939,"comment_status":"closed","ping_status":"closed","sticky":false,"template":"","format":"standard","meta":{"jetpack_post_was_ever_published":false,"_jetpack_newsletter_access":"","_jetpack_dont_email_post_to_subs":false,"_jetpack_newsletter_tier_id":0,"_jetpack_memberships_contains_paywalled_content":false,"_jetpack_memberships_contains_paid_content":false,"footnotes":"","jetpack_publicize_message":"","jetpack_publicize_feature_enabled":true,"jetpack_social_post_already_shared":true,"jetpack_social_options":{"image_generator_settings":{"template":"highway","default_image_id":0,"font":"","enabled":false},"version":2}},"categories":[733,1101,732],"tags":[682,1324],"class_list":["post-20938","post","type-post","status-publish","format-standard","has-post-thumbnail","hentry","category-originales-de-netflix","category-recomendado","category-series","tag-accion-y-aventura","tag-live-action-2"],"jetpack_publicize_connections":[],"jetpack_featured_media_url":"https:\/\/www.macquero.com\/wp-content\/uploads\/2024\/02\/nd.jpg","jetpack_sharing_enabled":true,"_links":{"self":[{"href":"https:\/\/www.macquero.com\/en\/wp-json\/wp\/v2\/posts\/20938","targetHints":{"allow":["GET"]}}],"collection":[{"href":"https:\/\/www.macquero.com\/en\/wp-json\/wp\/v2\/posts"}],"about":[{"href":"https:\/\/www.macquero.com\/en\/wp-json\/wp\/v2\/types\/post"}],"author":[{"embeddable":true,"href":"https:\/\/www.macquero.com\/en\/wp-json\/wp\/v2\/users\/2"}],"replies":[{"embeddable":true,"href":"https:\/\/www.macquero.com\/en\/wp-json\/wp\/v2\/comments?post=20938"}],"version-history":[{"count":3,"href":"https:\/\/www.macquero.com\/en\/wp-json\/wp\/v2\/posts\/20938\/revisions"}],"predecessor-version":[{"id":20942,"href":"https:\/\/www.macquero.com\/en\/wp-json\/wp\/v2\/posts\/20938\/revisions\/20942"}],"wp:featuredmedia":[{"embeddable":true,"href":"https:\/\/www.macquero.com\/en\/wp-json\/wp\/v2\/media\/20939"}],"wp:attachment":[{"href":"https:\/\/www.macquero.com\/en\/wp-json\/wp\/v2\/media?parent=20938"}],"wp:term":[{"taxonomy":"category","embeddable":true,"href":"https:\/\/www.macquero.com\/en\/wp-json\/wp\/v2\/categories?post=20938"},{"taxonomy":"post_tag","embeddable":true,"href":"https:\/\/www.macquero.com\/en\/wp-json\/wp\/v2\/tags?post=20938"}],"curies":[{"name":"wp","href":"https:\/\/api.w.org\/{rel}","templated":true}]}}