{"id":20856,"date":"2024-02-16T11:30:29","date_gmt":"2024-02-16T17:30:29","guid":{"rendered":"https:\/\/www.macquero.com\/?p=20856"},"modified":"2024-02-16T11:35:39","modified_gmt":"2024-02-16T17:35:39","slug":"las-apple-vision-pro-son-devueltas-debido-a-su-incomodidad-y-cuestionable-utilidad-en-la-vida-cotidiana","status":"publish","type":"post","link":"https:\/\/www.macquero.com\/en\/2024\/02\/las-apple-vision-pro-son-devueltas-debido-a-su-incomodidad-y-cuestionable-utilidad-en-la-vida-cotidiana\/","title":{"rendered":"Las Apple Vision Pro son devueltas debido a su incomodidad y cuestionable utilidad en la vida cotidiana."},"content":{"rendered":"<p>El t\u00edtulo de esta noticia no me sorprende en absoluto. Durante semanas, hemos estado escuchando y leyendo comentarios de varios usuarios que, inicialmente emocionados por la novedad y entusiasmados por seguir la moda, terminan con el tiempo frustrados. <\/p>\n\n\n\n<blockquote class=\"wp-block-quote is-layout-flow wp-block-quote-is-layout-flow\">\n<p>Esto se debe a que la primera generaci\u00f3n no alcanza las expectativas establecidas por otros competidores del mercado.<\/p>\n<cite>Vincent. Macquero.<\/cite><\/blockquote>\n\n\n\n<p>En la Conferencia Mundial de Desarrolladores (WWDC) de junio del a\u00f1o pasado, Apple present\u00f3 sus lentes de realidad mixta, las Vision Pro. <\/p>\n\n\n\n<h2 class=\"wp-block-heading\">\u00bfQu\u00e9 lo hace diferente?<\/h2>\n\n\n\n<p>Al explorar sus caracter\u00edsticas t\u00e9cnicas, este dispositivo presenta una interfaz de usuario tridimensional. Cuenta con un sistema de entrada controlado por los ojos, las manos y la voz, lo que agrega una nueva dimensi\u00f3n a la inform\u00e1tica personal. Adem\u00e1s, ofrece una App Store completamente nueva para la descarga de aplicaciones y juegos, as\u00ed como acceso a varias plataformas de streaming. Ejecutado por el sistema operativo visionOS, el dispositivo presenta un sistema de seguimiento ocular de alto rendimiento y aprovecha el chip M2 para garantizar un rendimiento potente, mientras que el nuevo chip R1 asegura que el contenido se visualice frente a los ojos del usuario. La integraci\u00f3n de una pantalla con &#8216;EyeSight&#8217; ofrece una experiencia visual inmersiva, complementada por un audio envolvente. Con un dise\u00f1o modular disponible en diferentes tallas, se sincroniza perfectamente con otros dispositivos Apple y garantiza una buena privacidad gracias a Optic ID.<\/p>\n\n\n\n<h2 class=\"wp-block-heading\">\u00bfQu\u00e9 est\u00e1 pasando?<\/h2>\n\n\n\n<p>A pesar de las notables caracter\u00edsticas que ofrecen las Vision Pro, no todos sus compradores est\u00e1n satisfechos despu\u00e9s de probarlas. De hecho, varios consumidores las est\u00e1n devolviendo debido a que no cumplen con sus expectativas.<\/p>\n\n\n\n<p>En el caso de <a rel=\"noreferrer noopener\" href=\"https:\/\/x.com\/ParkerOrtolani\/status\/1757149437502128176?s=20\" data-type=\"URL\" data-id=\"https:\/\/x.com\/ParkerOrtolani\/status\/1757149437502128176?s=20\" target=\"_blank\">Parker Ortolani,<\/a> Product Manager\u00a0de Vox Media, en su perfil de la red social X (antes Twitter), el experto en tecnolog\u00eda comparte que el dispositivo es <strong>&#8220;demasiado inc\u00f3modo&#8221; <\/strong>y le ha <strong>&#8220;provocado fatiga ocular&#8221;.<\/strong> No obstante, no descarta volver a comprarlas una vez que Apple &#8220;solucione estos problemas&#8221;. Quiz\u00e1s de cara a nuevas generaciones. <\/p>\n\n\n\n<blockquote class=\"wp-block-quote is-layout-flow wp-block-quote-is-layout-flow\">\n<p>Personalmente, no me sorprende; no es la primera vez que Apple lanza un producto r\u00e1pidamente debido a restricciones de tiempo, pasando por alto los controles de calidad. Esto me lleva a cuestionar si la calidad de los productos futuros podr\u00eda estar comprometida.  <\/p>\n<cite>Vincent. Macquero.<\/cite><\/blockquote>\n\n\n\n<p>Por otro lado, <a rel=\"noreferrer noopener\" href=\"https:\/\/x.com\/dannyaroslavski\/status\/1755283819903549753?s=20\" data-type=\"URL\" data-id=\"https:\/\/x.com\/dannyaroslavski\/status\/1755283819903549753?s=20\" target=\"_blank\">Danny Yaroslavski<\/a>, el experto en inform\u00e1tica espacial afirm\u00f3 haber devuelto las Vision Pro porque, <strong>&#8216;lamentablemente&#8217;,<\/strong> no eran para \u00e9l, a pesar de que <strong>&#8216;ten\u00eda muchas ganas de que le encantaran&#8217;,<\/strong> ya que &#8216;adora todos los dem\u00e1s productos de Apple&#8217;.<\/p>\n\n\n\n<p>Y, por \u00faltimo, el usuario <a rel=\"noreferrer noopener\" href=\"https:\/\/x.com\/julioservan\/status\/1757444509334446306?s=20\" data-type=\"URL\" data-id=\"https:\/\/x.com\/julioservan\/status\/1757444509334446306?s=20\" target=\"_blank\">Julio Servan<\/a> tambi\u00e9n menciona en su perfil de X que solicitar\u00e1 un reembolso debido a que el dispositivo <strong>tiene una gran escasez de aplicaciones<\/strong>, lo a\u00edsla demasiado del mundo exterior, no las necesita para entretenerse ya que tiene &#8216;todas las comodidades tecnol\u00f3gicas&#8217; en casa, y considera que &#8216;no se ha aprovechado todo su potencial.<\/p>\n\n\n\n<blockquote class=\"wp-block-quote is-layout-flow wp-block-quote-is-layout-flow\">\n<p>Aqu\u00ed difiero un poco con este usuario. Se espera que este producto ofrezca una experiencia inmersiva, lo cual efectivamente te desconecta de tu entorno natural al experimentar cada una de sus caracter\u00edsticas. <\/p>\n\n\n\n<p>Estoy de acuerdo en cuanto <strong>a la escasez de aplicaciones nativas<\/strong>; probablemente incluyeron algunas funciones que, si bien parec\u00edan interesantes al principio, resultaron ser poco \u00fatiles en la pr\u00e1ctica. Y parece que ver una y otra vez todas las pel\u00edculas de Star Wars en un entorno inmersivo no resulta tan emocionante despu\u00e9s de todo (risas). <\/p>\n\n\n\n<p>Considerando el precio, es cierto que las especificaciones t\u00e9cnicas son impresionantes, pero en la pr\u00e1ctica no estoy seguro de si realmente vale la pena, al menos no en esta generaci\u00f3n.<\/p>\n<cite>Vincent. Macquero.<\/cite><\/blockquote>\n\n\n\n<p>Adem\u00e1s, este consumidor se queja de que las Vision Pro vienen con &#8220;adaptadores personalizados a 200 d\u00f3lares cada uno&#8221; y de lo complicado que resulta &#8220;encontrar la talla correcta&#8221;. Tambi\u00e9n comenta que &#8220;no se pueden utilizar con lentes de f\u00f3rmula&#8221; y que &#8220;su utilidad es m\u00e1s que cuestionable&#8221;.<\/p>\n\n\n\n<h2 class=\"wp-block-heading\">Si tuviera los recursos para comprar una y luego descubrir que no puedo usarla debido a que tengo lentes, ser\u00eda un problema considerable y una raz\u00f3n suficiente para descartar completamente esa marca. <\/h2>\n\n\n\n<p>Hace unos d\u00edas, se difundi\u00f3 un video en Facebook, TikTok y YouTube en el que Mark Zuckerberg comparti\u00f3 su opini\u00f3n despu\u00e9s de probar las Vision Pro. Afirm\u00f3 que la resoluci\u00f3n de las pantallas y la tecnolog\u00eda ocular de las Vision Pro son bastante buenas.<\/p>\n\n\n\n<p>Creo que en este punto hay opiniones divididas. Nadie est\u00e1 cuestionando la tecnolog\u00eda subyacente, pero lo que actualmente representa un problema es la escasez de aplicaciones y posiblemente la utilidad en t\u00e9rminos de productividad, ya que en esencia Apple prometi\u00f3 una experiencia de trabajo profesional junto con varias opciones de entretenimiento. <\/p>\n\n\n\n<blockquote class=\"wp-block-quote is-layout-flow wp-block-quote-is-layout-flow\">\n<p>El principal problema se encuentra en la comodidad al utilizarlas y los presuntos problemas de salud que est\u00e1n causando en los usuarios.<\/p>\n<cite>Vincent. Macquero.<\/cite><\/blockquote>\n\n\n\n<p>Ayer me encontr\u00e9 con otra nota de prensa&#8230;<\/p>\n\n\n\n<p>Uno de los afectados por este problema ha sido el creador de contenido <a rel=\"noreferrer noopener\" href=\"https:\/\/twitter.com\/adampreiser?ref_src=twsrc%5Egoogle%7Ctwcamp%5Eserp%7Ctwgr%5Eauthor\" data-type=\"URL\" data-id=\"https:\/\/twitter.com\/adampreiser?ref_src=twsrc%5Egoogle%7Ctwcamp%5Eserp%7Ctwgr%5Eauthor\" target=\"_blank\">Adam Preiser<\/a>. Aunque ha reconocido que padece estrabismo y que no puede utilizar ambos ojos simult\u00e1neamente, Praiser ha mencionado que las Vision Pro le causaron una sobrecarga sensorial que le dificultaba concentrarse, como explic\u00f3 en su perfil de X.<\/p>\n\n\n\n<p>El consultor y gerente de producto de <a href=\"https:\/\/www.theverge.com\/2024\/2\/14\/24072792\/apple-vision-pro-early-adopters-returns\" data-type=\"URL\" data-id=\"https:\/\/www.theverge.com\/2024\/2\/14\/24072792\/apple-vision-pro-early-adopters-returns\" target=\"_blank\" rel=\"noreferrer noopener\">The Verge<\/a>, Parker Ortolani, tambi\u00e9n ha compartido su experiencia, se\u00f1alando que las Vision Pro son un producto &#8220;inc\u00f3modo de utilizar&#8221; y que cansan la vista, una opini\u00f3n que tambi\u00e9n han compartido otros usuarios, como el probador de productos <a href=\"https:\/\/twitter.com\/schmanke\" data-type=\"URL\" data-id=\"https:\/\/twitter.com\/schmanke\" target=\"_blank\" rel=\"noreferrer noopener\">Ben Schmanke.<\/a><\/p>\n\n\n\n<h2 class=\"wp-block-heading\">Graves afirmaciones<\/h2>\n\n\n\n<p><strong>Ortolani<\/strong> ha afirmado haber experimentado un derrame ocular como resultado de su uso, mientras que el creador de contenido <a href=\"https:\/\/twitter.com\/mattcassinelli\" data-type=\"URL\" data-id=\"https:\/\/twitter.com\/mattcassinelli\" target=\"_blank\" rel=\"noreferrer noopener\">Matthew Cassinelli<\/a> ha mencionado haber experimentado un enrojecimiento &#8220;notable&#8221; en uno de sus ojos.<\/p>\n\n\n\n<p>Al igual que cualquier producto de la marca, Apple Vision Pro est\u00e1 sujeto a una pol\u00edtica de venta y reembolso que permite a los usuarios devolver sus equipos dentro de los 14 d\u00edas naturales siguientes a la fecha de entrega.<\/p>\n\n\n\n<p>Esto ha llevado a que en los \u00faltimos d\u00edas varios usuarios opten por devolver este dispositivo, mencionando problemas ocasionados por el visor, como intensos dolores de cabeza, n\u00e1useas y mareos.<\/p>\n\n\n\n<p><strong>Fuente:<\/strong><\/p>\n\n\n\n<p><a rel=\"noreferrer noopener\" href=\"https:\/\/www.youtube.com\/watch?v=PlujU72LxB8\" data-type=\"URL\" data-id=\"https:\/\/www.youtube.com\/watch?v=PlujU72LxB8\" target=\"_blank\">El Imparcial TV<\/a><\/p>","protected":false},"excerpt":{"rendered":"<p>El t\u00edtulo de esta noticia no me sorprende en absoluto. Durante semanas, hemos estado escuchando y leyendo comentarios de varios usuarios que, inicialmente emocionados por la novedad y entusiasmados por seguir la moda, terminan con el tiempo frustrados. Esto se debe a que la primera generaci\u00f3n no alcanza las expectativas establecidas por otros competidores del &hellip;<\/p>","protected":false},"author":2,"featured_media":20859,"comment_status":"closed","ping_status":"closed","sticky":false,"template":"","format":"standard","meta":{"jetpack_post_was_ever_published":false,"_jetpack_newsletter_access":"","_jetpack_dont_email_post_to_subs":false,"_jetpack_newsletter_tier_id":0,"_jetpack_memberships_contains_paywalled_content":false,"_jetpack_memberships_contains_paid_content":false,"footnotes":"","jetpack_publicize_message":"","jetpack_publicize_feature_enabled":true,"jetpack_social_post_already_shared":true,"jetpack_social_options":{"image_generator_settings":{"template":"highway","default_image_id":0,"font":"","enabled":false},"version":2}},"categories":[5,1237,1315],"tags":[286],"class_list":["post-20856","post","type-post","status-publish","format-standard","has-post-thumbnail","hentry","category-apple","category-noticia","category-vision-pro","tag-novedades"],"jetpack_publicize_connections":[],"jetpack_featured_media_url":"https:\/\/www.macquero.com\/wp-content\/uploads\/2024\/02\/pp-2.jpg","jetpack_sharing_enabled":true,"_links":{"self":[{"href":"https:\/\/www.macquero.com\/en\/wp-json\/wp\/v2\/posts\/20856","targetHints":{"allow":["GET"]}}],"collection":[{"href":"https:\/\/www.macquero.com\/en\/wp-json\/wp\/v2\/posts"}],"about":[{"href":"https:\/\/www.macquero.com\/en\/wp-json\/wp\/v2\/types\/post"}],"author":[{"embeddable":true,"href":"https:\/\/www.macquero.com\/en\/wp-json\/wp\/v2\/users\/2"}],"replies":[{"embeddable":true,"href":"https:\/\/www.macquero.com\/en\/wp-json\/wp\/v2\/comments?post=20856"}],"version-history":[{"count":7,"href":"https:\/\/www.macquero.com\/en\/wp-json\/wp\/v2\/posts\/20856\/revisions"}],"predecessor-version":[{"id":20864,"href":"https:\/\/www.macquero.com\/en\/wp-json\/wp\/v2\/posts\/20856\/revisions\/20864"}],"wp:featuredmedia":[{"embeddable":true,"href":"https:\/\/www.macquero.com\/en\/wp-json\/wp\/v2\/media\/20859"}],"wp:attachment":[{"href":"https:\/\/www.macquero.com\/en\/wp-json\/wp\/v2\/media?parent=20856"}],"wp:term":[{"taxonomy":"category","embeddable":true,"href":"https:\/\/www.macquero.com\/en\/wp-json\/wp\/v2\/categories?post=20856"},{"taxonomy":"post_tag","embeddable":true,"href":"https:\/\/www.macquero.com\/en\/wp-json\/wp\/v2\/tags?post=20856"}],"curies":[{"name":"wp","href":"https:\/\/api.w.org\/{rel}","templated":true}]}}