{"id":20843,"date":"2024-02-12T07:55:52","date_gmt":"2024-02-12T13:55:52","guid":{"rendered":"https:\/\/www.macquero.com\/?p=20843"},"modified":"2024-02-12T07:55:56","modified_gmt":"2024-02-12T13:55:56","slug":"apple-revela-sus-ambiciosos-planes-que-involucran-inteligencia-artificial-en-sus-futuros-desarrollos-que-detalles-conocemos-y-cuando-los-veremos","status":"publish","type":"post","link":"https:\/\/www.macquero.com\/en\/2024\/02\/apple-revela-sus-ambiciosos-planes-que-involucran-inteligencia-artificial-en-sus-futuros-desarrollos-que-detalles-conocemos-y-cuando-los-veremos\/","title":{"rendered":"Apple revela sus ambiciosos planes que involucran Inteligencia Artificial en sus futuros desarrollos: \u00bfQu\u00e9 detalles conocemos y cu\u00e1ndo los veremos?"},"content":{"rendered":"<p>Durante la Conferencia Mundial de Desarrolladores (WWDC) del a\u00f1o pasado, Apple evit\u00f3 deliberadamente mencionar las palabras &#8216;inteligencia artificial&#8217;, &#8220;como si estuvieran reinventando la rueda&#8221;. Sin embargo, esto no impidi\u00f3 que introdujeran servicios basados en dicha tecnolog\u00eda, utilizando el t\u00e9rmino &#8216;machine learning&#8217; (aprendizaje autom\u00e1tico). Aunque la marca opt\u00f3 por distanciarse del concepto de IA en 2023, parece que en 2024 las cosas podr\u00edan cambiar.<\/p>\n\n\n\n<p>Durante una conferencia telef\u00f3nica sobre resultados, el CEO de Apple, Tim Cook, reconoci\u00f3 la &#8220;gran oportunidad&#8221; que representar\u00eda la IA generativa y la inteligencia artificial para la compa\u00f1\u00eda. Seg\u00fan Cook, sus investigadores est\u00e1n dedicando &#8220;una enorme cantidad de tiempo y esfuerzo&#8221; al desarrollo de la IA, aunque no compartir\u00e1n los detalles hasta &#8220;a finales de este a\u00f1o&#8221;.<\/p>\n\n\n\n<h2 class=\"wp-block-heading\">Lo qu\u00e9 sabemos<\/h2>\n\n\n\n<p>Recientemente, Samsung dio a conocer sus nuevos tel\u00e9fonos Galaxy S24, donde la inteligencia artificial tom\u00f3 un papel destacado. En respuesta, Apple est\u00e1 preparando una importante actualizaci\u00f3n de su sistema operativo que probablemente sobresalga por la inclusi\u00f3n de funciones de IA.<\/p>\n\n\n\n<p>El analista Gurman ha se\u00f1alado que el pr\u00f3ximo iOS 18 es considerado &#8220;dentro de la empresa como una de las actualizaciones de iOS m\u00e1s importantes, si no la m\u00e1s importante, en la historia&#8221; de Apple. Este software se lanzar\u00e1 junto con los futuros iPhone 16, y muchos esperan que mejore significativamente la experiencia del usuario mediante el uso de la IA.<\/p>\n\n\n\n<p>En su bolet\u00edn semanal &#8216;Power On&#8217;, Gurman revel\u00f3 que el sistema operativo incluir\u00e1 la compatibilidad de la aplicaci\u00f3n Mensajes con el protocolo Rich Communication Services (RCS), as\u00ed como una nueva versi\u00f3n de Siri (conocida internamente como Apple GPT), que se compara con ChatGPT. Adem\u00e1s, el periodista adelanta que la IA tambi\u00e9n estar\u00e1 integrada en Apple Music.<\/p>\n\n\n\n<blockquote class=\"wp-block-quote is-layout-flow wp-block-quote-is-layout-flow\">\n<p>Habr\u00e1 que aguardar para conocer la opini\u00f3n de usuarios expertos.<\/p>\n<\/blockquote>","protected":false},"excerpt":{"rendered":"<p>Durante la Conferencia Mundial de Desarrolladores (WWDC) del a\u00f1o pasado, Apple evit\u00f3 deliberadamente mencionar las palabras &#8216;inteligencia artificial&#8217;, &#8220;como si estuvieran reinventando la rueda&#8221;. Sin embargo, esto no impidi\u00f3 que introdujeran servicios basados en dicha tecnolog\u00eda, utilizando el t\u00e9rmino &#8216;machine learning&#8217; (aprendizaje autom\u00e1tico). Aunque la marca opt\u00f3 por distanciarse del concepto de IA en 2023, &hellip;<\/p>","protected":false},"author":2,"featured_media":20844,"comment_status":"closed","ping_status":"closed","sticky":false,"template":"","format":"standard","meta":{"jetpack_post_was_ever_published":false,"_jetpack_newsletter_access":"","_jetpack_dont_email_post_to_subs":false,"_jetpack_newsletter_tier_id":0,"_jetpack_memberships_contains_paywalled_content":false,"_jetpack_memberships_contains_paid_content":false,"footnotes":"","jetpack_publicize_message":"","jetpack_publicize_feature_enabled":true,"jetpack_social_post_already_shared":true,"jetpack_social_options":{"image_generator_settings":{"template":"highway","default_image_id":0,"font":"","enabled":false},"version":2}},"categories":[5,1237],"tags":[1074],"class_list":["post-20843","post","type-post","status-publish","format-standard","has-post-thumbnail","hentry","category-apple","category-noticia","tag-rumores"],"jetpack_publicize_connections":[],"jetpack_featured_media_url":"https:\/\/www.macquero.com\/wp-content\/uploads\/2024\/02\/pp-1.jpg","jetpack_sharing_enabled":true,"_links":{"self":[{"href":"https:\/\/www.macquero.com\/en\/wp-json\/wp\/v2\/posts\/20843","targetHints":{"allow":["GET"]}}],"collection":[{"href":"https:\/\/www.macquero.com\/en\/wp-json\/wp\/v2\/posts"}],"about":[{"href":"https:\/\/www.macquero.com\/en\/wp-json\/wp\/v2\/types\/post"}],"author":[{"embeddable":true,"href":"https:\/\/www.macquero.com\/en\/wp-json\/wp\/v2\/users\/2"}],"replies":[{"embeddable":true,"href":"https:\/\/www.macquero.com\/en\/wp-json\/wp\/v2\/comments?post=20843"}],"version-history":[{"count":1,"href":"https:\/\/www.macquero.com\/en\/wp-json\/wp\/v2\/posts\/20843\/revisions"}],"predecessor-version":[{"id":20845,"href":"https:\/\/www.macquero.com\/en\/wp-json\/wp\/v2\/posts\/20843\/revisions\/20845"}],"wp:featuredmedia":[{"embeddable":true,"href":"https:\/\/www.macquero.com\/en\/wp-json\/wp\/v2\/media\/20844"}],"wp:attachment":[{"href":"https:\/\/www.macquero.com\/en\/wp-json\/wp\/v2\/media?parent=20843"}],"wp:term":[{"taxonomy":"category","embeddable":true,"href":"https:\/\/www.macquero.com\/en\/wp-json\/wp\/v2\/categories?post=20843"},{"taxonomy":"post_tag","embeddable":true,"href":"https:\/\/www.macquero.com\/en\/wp-json\/wp\/v2\/tags?post=20843"}],"curies":[{"name":"wp","href":"https:\/\/api.w.org\/{rel}","templated":true}]}}