{"id":20783,"date":"2024-02-05T00:20:00","date_gmt":"2024-02-05T06:20:00","guid":{"rendered":"https:\/\/www.macquero.com\/?p=20783"},"modified":"2024-02-05T06:15:40","modified_gmt":"2024-02-05T12:15:40","slug":"vision-pro-ya-esta-aqui-descubre-todo-lo-que-necesitas-saber-sobre-el-dispositivo-mas-esperado-del-ano","status":"publish","type":"post","link":"https:\/\/www.macquero.com\/en\/2024\/02\/vision-pro-ya-esta-aqui-descubre-todo-lo-que-necesitas-saber-sobre-el-dispositivo-mas-esperado-del-ano\/","title":{"rendered":"\u00a1Vision Pro ya est\u00e1 aqu\u00ed! Descubre todo lo que necesitas saber sobre el dispositivo m\u00e1s esperado del a\u00f1o."},"content":{"rendered":"<p>En los \u00faltimos d\u00edas, he observado numerosas cuentas de TikTok donde personas exploran todas sus capacidades desde la comodidad de sus hogares. Sin embargo, tambi\u00e9n me sorprende ver a individuos utilizando esta plataforma mientras caminan por las calles e incluso mientras conducen.<\/p>\n\n\n\n<h2 class=\"wp-block-heading\">\u00bfProblemas?<\/h2>\n\n\n\n<p>Es sorprendente, ya que muchas personas argumentan que esto podr\u00eda representar un problema de seguridad para todos. A pesar de todas las bondades que ofrece, pues, hay que reconocer que el producto es impresionante seg\u00fan lo que hemos visto. Sin embargo, algunos usuarios ya se quejan de que el dispositivo es extremadamente pesado, y el mayor inconveniente es que literalmente aplasta y dobla las orejas.<\/p>\n\n\n\n<h2 class=\"wp-block-heading\">Lo que sabemos: En contraste<\/h2>\n\n\n\n<p>El tan esperado producto de Apple finalmente lleg\u00f3 al mercado estadounidense hace unos d\u00edas. Las Vision Pro estuvieron disponibles para reserva desde el viernes 19 de enero en la Apple Store, lo que significa que algunos paquetes ya se han enviado y, hasta la fecha, ya conocemos las primeras impresiones de los usuarios.<\/p>\n\n\n\n<h2 class=\"wp-block-heading\">Tim Cook se pone las Vision Pro<\/h2>\n\n\n\n<p>Durante una entrevista en <strong>Vanity Fair <\/strong>sobre los lentes de realidad mixta, el director ejecutivo de Apple aprovech\u00f3 la oportunidad para lucir las Vision Pro y promover su venta. Cook se\u00f1al\u00f3 que estos dispositivos son parte de &#8220;esos aparatos&#8221; que transformar\u00e1n la tecnolog\u00eda tal como la conocemos.<\/p>\n\n\n\n<figure class=\"wp-block-pullquote\"><blockquote><p>Hace a\u00f1os sab\u00eda que llegar\u00edamos a este punto. No sab\u00eda exactamente cu\u00e1ndo, pero estaba seguro de que lo alcanzar\u00edamos&#8221;.<\/p><cite>relata el CEO<\/cite><\/blockquote><\/figure>\n\n\n\n<p>Cook afirma que la experiencia con las Vision Pro es asombrosa: &#8220;Puedes recostarte en tu sof\u00e1 y colocar las pantallas en el techo si lo deseas. <\/p>\n\n\n\n<blockquote class=\"wp-block-quote is-layout-flow wp-block-quote-is-layout-flow\">\n<p>Nosotros fuimos capaces de apreciar las bondades de este dispositivo a trav\u00e9s de una cuenta de <a rel=\"noreferrer noopener\" href=\"https:\/\/vm.tiktok.com\/ZM6WkTdsG\/\" data-type=\"URL\" data-id=\"https:\/\/vm.tiktok.com\/ZM6WkTdsG\/\" target=\"_blank\">TikTok<\/a>.<\/p>\n<cite><strong>Tech Santos<\/strong><\/cite><\/blockquote>\n\n\n\n<h2 class=\"wp-block-heading\">M\u00e1s de 600 aplicaciones<\/h2>\n\n\n\n<p>La compa\u00f1\u00eda tecnol\u00f3gica ha asegurado que Vision Pro contar\u00e1 con m\u00e1s de 600 aplicaciones y juegos optimizados para su lanzamiento. Entre ellas se encuentran aplicaciones como Charter, Spectrum, Comcast, Cox, Sling TV, Verizon Fios, NBA, PGA Tour Vision, Microsoft Teams, Slack, Zoom; y videojuegos como Lego Builder\u2019s Journey, Super Fruit Ninja, Bloons TD 6, Skatrix Pro, What the Golf?, entre otros.<\/p>\n\n\n\n<h2 class=\"wp-block-heading\">No obstante<\/h2>\n\n\n\n<p>Ni Netflix, ni YouTube, ni Spotify cuentan con una aplicaci\u00f3n oficial en el dispositivo. Seg\u00fan lo que he le\u00eddo en algunos comunicados de prensa, estas aplicaciones no contemplan la posibilidad de integrarse a la experiencia, a diferencia de Disney, que s\u00ed lo hace.<\/p>\n\n\n\n<h2 class=\"wp-block-heading\">Actualizaciones de \u00faltima hora<\/h2>\n\n\n\n<p>Apple est\u00e1 decidida a que el lanzamiento de sus Vision Pro en Estados Unidos sea un rotundo \u00e9xito. Con este fin, sus desarrolladores han lanzado varias actualizaciones del software visionOS antes de la salida oficial del producto.<\/p>\n\n\n\n<p>El 24 de enero, cuando ya se conoc\u00eda la fecha de disponibilidad del dispositivo, se revel\u00f3 que Apple hab\u00eda trabajado en la versi\u00f3n visionOS 1.0.1 para asegurar que la primera generaci\u00f3n de sus lentes de realidad mixta saliera con un software mejorado al inicialmente planeado.<\/p>\n\n\n\n<p>Aunque no se conoce exactamente qu\u00e9 cambios se aplicaron en esa versi\u00f3n del software, cabe destacar que no ser\u00e1 la que se incluir\u00e1 en las primeras Vision Pro. Recientemente, se ha informado que se ha actualizado a visionOS 1.0.2. Seg\u00fan los rumores de <strong>TechCrunch<\/strong>, esta nueva actualizaci\u00f3n abord\u00f3 una vulnerabilidad en <strong>WebKit, el motor de navegador utilizado por Safari y otras aplicaciones web.<\/strong><\/p>\n\n\n\n<p>El medio detall\u00f3 que la brecha de seguridad podr\u00eda haber permitido a los piratas inform\u00e1ticos ejecutar c\u00f3digo malicioso en el sistema. Afortunadamente, Apple detect\u00f3 este problema antes del lanzamiento, asegurando as\u00ed que sea un \u00e9xito aparente<\/p>\n\n\n\n<h2 class=\"wp-block-heading\">Experiencia<\/h2>\n\n\n\n<figure class=\"wp-block-pullquote\"><blockquote><p>Los lentes de realidad mixta son &#8220;el producto de electr\u00f3nica de consumo m\u00e1s avanzado jam\u00e1s creado&#8221; y &#8220;redefinir\u00e1 c\u00f3mo nos conectamos, creamos y exploramos&#8221;. <\/p><cite>Tim Cook. CEO.<\/cite><\/blockquote><\/figure>\n\n\n\n<p>Las Vision Pro destacan por varias caracter\u00edsticas que las hacen innovadoras, como su interfaz de usuario en tres dimensiones, un sistema de entrada que responde a los comandos de ojos, manos y voz, y la capacidad de capturar y revivir momentos de manera totalmente novedosa y envolvente.<\/p>\n\n\n\n<h2 class=\"wp-block-heading\">Dise\u00f1o<\/h2>\n\n\n\n<p>En cuanto al dise\u00f1o, las Apple Vision Pro se han concebido como un sistema modular que permite a los usuarios personalizar su ajuste. Adem\u00e1s, las correas flexibles aseguran que el audio permanezca cerca de los o\u00eddos del usuario.<\/p>\n\n\n\n<p>En lo que respecta al software y hardware, el dispositivo incorpora un sistema operativo completamente nuevo llamado visionOS y hace uso de tecnolog\u00eda micro-OLED para empaquetar 23 millones de p\u00edxeles en dos pantallas, acompa\u00f1ado de un sistema de seguimiento ocular de alto rendimiento.<\/p>\n\n\n\n<p>Las Vision Pro cuentan con un chip M2 y un novedoso chip R1 destinado para la entrada de doce c\u00e1maras, cinco sensores y seis micr\u00f3fonos, todo dise\u00f1ado para garantizar que el contenido se presente de manera inmersiva ante los ojos del usuario.<\/p>\n\n\n\n<p>En cuanto a seguridad, se destaca el enfoque especial que han dado los desarrolladores para ofrecer una s\u00f3lida privacidad mediante Optic ID. Este sistema de autenticaci\u00f3n analiza el iris del usuario para desbloquear los lentes, autocompletar contrase\u00f1as y realizar pagos con Apple Pay.<\/p>\n\n\n\n<h2 class=\"wp-block-heading\">Usuarios<\/h2>\n\n\n\n<ul class=\"wp-block-list\">\n<li>Apple Vision Pro &#8211; <a href=\"https:\/\/youtu.be\/nyMVVCvA160?si=qjkK_5gp83IUk6H4\" data-type=\"URL\" data-id=\"https:\/\/youtu.be\/nyMVVCvA160?si=qjkK_5gp83IUk6H4\" target=\"_blank\" rel=\"noreferrer noopener\">Unboxing y Primera Prueba<\/a>. Tech Santos.<\/li>\n\n\n\n<li>Apple Vision Pro Review: <a href=\"https:\/\/youtu.be\/86Gy035z_KA?si=bpgQkDjCmV9DZF5T\" data-type=\"URL\" data-id=\"https:\/\/youtu.be\/86Gy035z_KA?si=bpgQkDjCmV9DZF5T\" target=\"_blank\" rel=\"noreferrer noopener\">Tomorrow&#8217;s Ideas&#8230;<\/a> Today&#8217;s Tech! &#8211; Marques Brownlee.<\/li>\n\n\n\n<li><a rel=\"noreferrer noopener\" href=\"https:\/\/youtu.be\/UvkgmyfMPks?si=jCRyE2T9aZafMcMo\" data-type=\"URL\" data-id=\"https:\/\/youtu.be\/UvkgmyfMPks?si=jCRyE2T9aZafMcMo\" target=\"_blank\">The thing no one will say<\/a> about Apple Vision Pro. &#8211; CaseyNeistat.<\/li>\n\n\n\n<li>Apple Vision Pro | <a rel=\"noreferrer noopener\" href=\"https:\/\/youtu.be\/Z6dZaelemuA?si=fgg6cvQm2qoidI2V\" target=\"_blank\">Primeras Impresiones<\/a> + Compra en la Apple Store de NYC!! &#8211; Victor Abarca.<br><\/li>\n<\/ul>","protected":false},"excerpt":{"rendered":"<p>En los \u00faltimos d\u00edas, he observado numerosas cuentas de TikTok donde personas exploran todas sus capacidades desde la comodidad de sus hogares. Sin embargo, tambi\u00e9n me sorprende ver a individuos utilizando esta plataforma mientras caminan por las calles e incluso mientras conducen. \u00bfProblemas? Es sorprendente, ya que muchas personas argumentan que esto podr\u00eda representar un &hellip;<\/p>","protected":false},"author":2,"featured_media":20785,"comment_status":"closed","ping_status":"closed","sticky":false,"template":"","format":"standard","meta":{"jetpack_post_was_ever_published":false,"_jetpack_newsletter_access":"","_jetpack_dont_email_post_to_subs":false,"_jetpack_newsletter_tier_id":0,"_jetpack_memberships_contains_paywalled_content":false,"_jetpack_memberships_contains_paid_content":false,"footnotes":"","jetpack_publicize_message":"","jetpack_publicize_feature_enabled":true,"jetpack_social_post_already_shared":true,"jetpack_social_options":{"image_generator_settings":{"template":"highway","default_image_id":0,"font":"","enabled":false},"version":2}},"categories":[5,1237,1315],"tags":[286],"class_list":["post-20783","post","type-post","status-publish","format-standard","has-post-thumbnail","hentry","category-apple","category-noticia","category-vision-pro","tag-novedades"],"jetpack_publicize_connections":[],"jetpack_featured_media_url":"https:\/\/www.macquero.com\/wp-content\/uploads\/2024\/02\/vi.jpg","jetpack_sharing_enabled":true,"_links":{"self":[{"href":"https:\/\/www.macquero.com\/en\/wp-json\/wp\/v2\/posts\/20783","targetHints":{"allow":["GET"]}}],"collection":[{"href":"https:\/\/www.macquero.com\/en\/wp-json\/wp\/v2\/posts"}],"about":[{"href":"https:\/\/www.macquero.com\/en\/wp-json\/wp\/v2\/types\/post"}],"author":[{"embeddable":true,"href":"https:\/\/www.macquero.com\/en\/wp-json\/wp\/v2\/users\/2"}],"replies":[{"embeddable":true,"href":"https:\/\/www.macquero.com\/en\/wp-json\/wp\/v2\/comments?post=20783"}],"version-history":[{"count":3,"href":"https:\/\/www.macquero.com\/en\/wp-json\/wp\/v2\/posts\/20783\/revisions"}],"predecessor-version":[{"id":20811,"href":"https:\/\/www.macquero.com\/en\/wp-json\/wp\/v2\/posts\/20783\/revisions\/20811"}],"wp:featuredmedia":[{"embeddable":true,"href":"https:\/\/www.macquero.com\/en\/wp-json\/wp\/v2\/media\/20785"}],"wp:attachment":[{"href":"https:\/\/www.macquero.com\/en\/wp-json\/wp\/v2\/media?parent=20783"}],"wp:term":[{"taxonomy":"category","embeddable":true,"href":"https:\/\/www.macquero.com\/en\/wp-json\/wp\/v2\/categories?post=20783"},{"taxonomy":"post_tag","embeddable":true,"href":"https:\/\/www.macquero.com\/en\/wp-json\/wp\/v2\/tags?post=20783"}],"curies":[{"name":"wp","href":"https:\/\/api.w.org\/{rel}","templated":true}]}}