{"id":20765,"date":"2024-01-30T03:53:49","date_gmt":"2024-01-30T09:53:49","guid":{"rendered":"https:\/\/www.macquero.com\/?p=20765"},"modified":"2024-01-30T03:53:52","modified_gmt":"2024-01-30T09:53:52","slug":"the-marvels","status":"publish","type":"post","link":"https:\/\/www.macquero.com\/en\/2024\/01\/the-marvels\/","title":{"rendered":"The Marvels."},"content":{"rendered":"<p>Decid\u00ed brindarle una oportunidad a pesar de la oleada de comentarios negativos. <\/p>\n\n\n\n<p>\u00bfRealmente es tan terrible?<\/p>\n\n\n\n<h2 class=\"wp-block-heading\">Sipnosis<\/h2>\n\n\n\n<p>La guerra civil de los kree provoca una alteraci\u00f3n en el espacio-tiempo. La Capitana Marvel (<a href=\"https:\/\/www.instagram.com\/brielarson\" data-type=\"URL\" data-id=\"https:\/\/www.instagram.com\/brielarson\" target=\"_blank\" rel=\"noreferrer noopener\">Brie Larson<\/a>) va a investigar qu\u00e9 ha sucedido, pero la alteraci\u00f3n cu\u00e1ntica hace que sus poderes se entremezclen con los de otras dos superhero\u00ednas.<\/p>\n\n\n\n<blockquote class=\"wp-block-quote is-layout-flow wp-block-quote-is-layout-flow\">\n<p>Esperaba m\u00e1s de ella, aunque no es tan mala como muchos expresan su descontento.<\/p>\n<\/blockquote>\n\n\n\n<h2 class=\"wp-block-heading\">Desde el punto de vista visual, cumple con las expectativas y ofrece una experiencia satisfactoria.<\/h2>\n\n\n\n<p>Es lamentable que esta pel\u00edcula haya llegado en un momento tan inoportuno para Marvel. Aunque se pueden notar algunas carencias, tambi\u00e9n es evidente que el equipo estaba nervioso por el posible fracaso, para mi hicieron lo que pudieron para superar los obst\u00e1culos.<\/p>\n\n\n\n<p>Disponible para rentar \u00fanicamente en la tienda americana de <a href=\"https:\/\/tv.apple.com\/us\/movie\/the-marvels\/umc.cmc.6nb1ii3n99o7rewjyq8whcsuu\" data-type=\"URL\" data-id=\"https:\/\/tv.apple.com\/us\/movie\/the-marvels\/umc.cmc.6nb1ii3n99o7rewjyq8whcsuu\" target=\"_blank\" rel=\"noreferrer noopener\">\uf8ffTV<\/a>.<\/p>\n\n\n\n<p>Calificaci\u00f3n: &#x2b50;&#x2b50;&#x2b50;<\/p>\n\n\n\n<p> <\/p>","protected":false},"excerpt":{"rendered":"<p>Decid\u00ed brindarle una oportunidad a pesar de la oleada de comentarios negativos. \u00bfRealmente es tan terrible? Sipnosis La guerra civil de los kree provoca una alteraci\u00f3n en el espacio-tiempo. La Capitana Marvel (Brie Larson) va a investigar qu\u00e9 ha sucedido, pero la alteraci\u00f3n cu\u00e1ntica hace que sus poderes se entremezclen con los de otras dos &hellip;<\/p>","protected":false},"author":2,"featured_media":20766,"comment_status":"closed","ping_status":"closed","sticky":false,"template":"","format":"standard","meta":{"jetpack_post_was_ever_published":false,"_jetpack_newsletter_access":"","_jetpack_dont_email_post_to_subs":false,"_jetpack_newsletter_tier_id":0,"_jetpack_memberships_contains_paywalled_content":false,"_jetpack_memberships_contains_paid_content":false,"footnotes":"","jetpack_publicize_message":"","jetpack_publicize_feature_enabled":true,"jetpack_social_post_already_shared":true,"jetpack_social_options":{"image_generator_settings":{"template":"highway","default_image_id":0,"font":"","enabled":false},"version":2}},"categories":[688],"tags":[1053],"class_list":["post-20765","post","type-post","status-publish","format-standard","has-post-thumbnail","hentry","category-ciencia-ficcion","tag-marvel"],"jetpack_publicize_connections":[],"jetpack_featured_media_url":"https:\/\/www.macquero.com\/wp-content\/uploads\/2024\/01\/em.jpg","jetpack_sharing_enabled":true,"_links":{"self":[{"href":"https:\/\/www.macquero.com\/en\/wp-json\/wp\/v2\/posts\/20765","targetHints":{"allow":["GET"]}}],"collection":[{"href":"https:\/\/www.macquero.com\/en\/wp-json\/wp\/v2\/posts"}],"about":[{"href":"https:\/\/www.macquero.com\/en\/wp-json\/wp\/v2\/types\/post"}],"author":[{"embeddable":true,"href":"https:\/\/www.macquero.com\/en\/wp-json\/wp\/v2\/users\/2"}],"replies":[{"embeddable":true,"href":"https:\/\/www.macquero.com\/en\/wp-json\/wp\/v2\/comments?post=20765"}],"version-history":[{"count":1,"href":"https:\/\/www.macquero.com\/en\/wp-json\/wp\/v2\/posts\/20765\/revisions"}],"predecessor-version":[{"id":20767,"href":"https:\/\/www.macquero.com\/en\/wp-json\/wp\/v2\/posts\/20765\/revisions\/20767"}],"wp:featuredmedia":[{"embeddable":true,"href":"https:\/\/www.macquero.com\/en\/wp-json\/wp\/v2\/media\/20766"}],"wp:attachment":[{"href":"https:\/\/www.macquero.com\/en\/wp-json\/wp\/v2\/media?parent=20765"}],"wp:term":[{"taxonomy":"category","embeddable":true,"href":"https:\/\/www.macquero.com\/en\/wp-json\/wp\/v2\/categories?post=20765"},{"taxonomy":"post_tag","embeddable":true,"href":"https:\/\/www.macquero.com\/en\/wp-json\/wp\/v2\/tags?post=20765"}],"curies":[{"name":"wp","href":"https:\/\/api.w.org\/{rel}","templated":true}]}}