{"id":20716,"date":"2024-01-19T00:20:00","date_gmt":"2024-01-19T06:20:00","guid":{"rendered":"https:\/\/www.macquero.com\/?p=20716"},"modified":"2024-01-17T10:21:55","modified_gmt":"2024-01-17T16:21:55","slug":"lo-bueno-lo-malo-y-lo-feo-de-las-apple-vision-pro-gracias-a-su-anuncio-oficial","status":"publish","type":"post","link":"https:\/\/www.macquero.com\/en\/2024\/01\/lo-bueno-lo-malo-y-lo-feo-de-las-apple-vision-pro-gracias-a-su-anuncio-oficial\/","title":{"rendered":"Lo bueno, lo malo y lo feo de las Apple Vision Pro gracias a su anuncio oficial."},"content":{"rendered":"<p>Durante la Conferencia Mundial de Desarrolladores (WWDC) de junio de 2023, Apple revel\u00f3 sus lentes de realidad mixta Vision Pro. Aunque la marca no especific\u00f3 la fecha exacta de lanzamiento en ese momento, recientemente anunci\u00f3 que abrir\u00e1 la preventa el 19 de enero, con los primeros env\u00edos programados para el 2 de febrero de este a\u00f1o.<\/p>\n\n\n\n<p>Con motivo del lanzamiento, Apple ha compartido un anuncio junto con informaci\u00f3n adicional para brindar a los posibles compradores una comprensi\u00f3n m\u00e1s completa del dispositivo. <\/p>\n\n\n\n<p>En a\u00f1adidura es importante decir, en un principio, los lentes solo estar\u00e1n a la venta en los Estados Unidos, y es probable que la disponibilidad en Latinoam\u00e9rica demore un periodo considerable.<\/p>\n\n\n\n<h2 class=\"wp-block-heading\">Tecnolog\u00eda de punta<\/h2>\n\n\n\n<p>Bob Borchers, quien ocupa el cargo de responsable de marketing mundial de productos en Apple, sugiri\u00f3 en una entrevista que la memoria de 8 GB podr\u00eda resultar insuficiente para las Vision Pro. En consecuencia, es probable que cuenten con una capacidad de 16 GB, superando as\u00ed al modelo b\u00e1sico de Mac.<\/p>\n\n\n\n<p>De manera similar, es posible que la capacidad de almacenamiento se extienda hasta un terabyte, especialmente <strong>considerando la avanzada tecnolog\u00eda integrada<\/strong>, como el <strong>chip M2, el chip R1<\/strong>, los datos provenientes de las <strong>12 c\u00e1maras, los cinco sensores y los seis micr\u00f3fonos.<\/strong><\/p>\n\n\n\n<h2 class=\"wp-block-heading\">Lo nuevo con las Vision Pro<\/h2>\n\n\n\n<p>Seg\u00fan el comunicado de prensa oficial de la marca, los compradores de un Vision Pro tendr\u00e1n la opci\u00f3n de elegir entre dos bandas diferentes: la <strong>Solo Knit Band y la Dual Loop Band<\/strong>. Aunque, a tan solo una semana del inicio de la preventa, a\u00fan no se ha aclarado con precisi\u00f3n cu\u00e1les son las diferencias entre ambas.<\/p>\n\n\n\n<blockquote class=\"wp-block-quote is-layout-flow wp-block-quote-is-layout-flow\">\n<p>\u00a1Qu\u00e9 detalle!<\/p>\n<\/blockquote>\n\n\n\n<p>Adicionalmente, <strong>los paquetes incluir\u00e1n un precinto de luz y dos almohadillas de sello de luz<\/strong>, descritas como una <strong>&#8220;cubierta de Apple Vision Pro&#8221;<\/strong> para la parte frontal del auricular. Tambi\u00e9n se proporcionar\u00e1 una bater\u00eda externa trasera, un cable de carga USB-C, un enchufe con conector USB-C y un pa\u00f1o de limpieza oficial de Apple destinado al dispositivo.<\/p>\n\n\n\n<h2 class=\"wp-block-heading\">\u00bfUn software en proceso?<\/h2>\n\n\n\n<p>Vision Pro no est\u00e1 destinado a ser un producto para todos. <\/p>\n\n\n\n<blockquote class=\"wp-block-quote is-layout-flow wp-block-quote-is-layout-flow\">\n<p>\u00bfMe lo preguntan o solo me lo dicen?<\/p>\n<\/blockquote>\n\n\n\n<p>Su precio elevado y la disponibilidad limitada ya sugieren esta exclusividad. Apple ha dedicado varios a\u00f1os al desarrollo de esta versi\u00f3n, y los rumores a principios del a\u00f1o pasado insinuaban que algunos desarrolladores no cre\u00edan que estuviera listo para 2024, y en cierto modo, ten\u00edan raz\u00f3n.<\/p>\n\n\n\n<p>Seg\u00fan lo informado por 9to5Mac, la funci\u00f3n <strong>&#8216;Persona&#8217; de Vision Pro<\/strong> inicialmente contar\u00eda con una <strong>etiqueta beta adjunta.<\/strong> Esto significa que algunos elementos clave de su interfaz estar\u00e1n en fase de pruebas. Aunque muchos podr\u00edan pensar en utilizar un avatar digital 3D en sus videollamadas con el dispositivo, es posible que a\u00fan no sea una opci\u00f3n disponible.<\/p>\n\n\n\n<blockquote class=\"wp-block-quote is-layout-flow wp-block-quote-is-layout-flow\">\n<p>A pesar de que la tecnolog\u00eda es muy avanzada, este producto, siendo el primero de su tipo, me recuerda al extinto iPhone de primera generaci\u00f3n en 2007, y es posible que el software a\u00fan no est\u00e9 a la altura de las expectativas.<\/p>\n<\/blockquote>\n\n\n\n<h2 class=\"wp-block-heading\">Muchas apps disponibles<\/h2>\n\n\n\n<p>A pesar de que el desarrollo del software a\u00fan est\u00e9 en marcha, parece que habr\u00e1 una amplia oferta de contenido para disfrutar. Apple ha afirmado que los usuarios tendr\u00e1n acceso a &#8220;m\u00e1s de 150 t\u00edtulos en 3D con una profundidad incre\u00edble&#8221; a trav\u00e9s de su aplicaci\u00f3n Apple TV.<\/p>\n\n\n\n<p>Desde mi perspectiva, considero que esta caracter\u00edstica no es muy positiva y debe ser examinada con precauci\u00f3n. Aunque me entusiasma la funcionalidad relacionada con cine, m\u00fasica y juegos, la necesidad de ajustar a\u00fan el software me genera una preocupaci\u00f3n considerable, especialmente en lo que respecta a posibles costos adicionales. <\/p>\n\n\n\n<blockquote class=\"wp-block-quote is-layout-flow wp-block-quote-is-layout-flow\">\n<p>Tocar\u00e1 ver.<\/p>\n<\/blockquote>\n\n\n\n<h2 class=\"wp-block-heading\">Una bater\u00eda insuficiente para muchos<\/h2>\n\n\n\n<p>Apple tiende a hacer comparaciones entre Vision Pro y pel\u00edculas y series ic\u00f3nicas, como &#8216;Regreso al futuro&#8217;, &#8216;Star Wars&#8217;, &#8216;Up!&#8217; o &#8216;Ant-Man&#8217;. Sin embargo, es importante se\u00f1alar que algunos de estos largometrajes <strong>agotar\u00edan completamente la bater\u00eda<\/strong> si se visualizaran desde el dispositivo.<\/p>\n\n\n\n<p>Conforme detall\u00f3 la marca de la manzana el a\u00f1o pasado, la duraci\u00f3n de la bater\u00eda se estim\u00f3 en alrededor de 2 horas y media para ver v\u00eddeos en 2D. Esto implica que no ser\u00e1 posible realizar un marat\u00f3n, y ser\u00e1 necesario elegir cuidadosamente la pel\u00edcula a disfrutar. <\/p>\n\n\n\n<h2 class=\"wp-block-heading\">Impensable<\/h2>\n\n\n\n<p>Considero que la experiencia podr\u00eda verse afectada al abandonar un juego inmersivo en el momento m\u00e1s emocionante, debido a la disminuci\u00f3n de la bater\u00eda.<\/p>\n\n\n\n<blockquote class=\"wp-block-quote is-layout-flow wp-block-quote-is-layout-flow\">\n<p>Despu\u00e9s del desplante del nuevo iPhone cualquier cosa podr\u00eda pasar.<\/p>\n<\/blockquote>\n\n\n\n<h2 class=\"wp-block-heading\">Conclusiones<\/h2>\n\n\n\n<p>Desconozco la duraci\u00f3n de la bater\u00eda en lentes de realidad mixta de otros competidores, pero desde ya,  percibo la posibilidad de enfrentar &#8220;nuevos desaf\u00edos&#8221; en la duraci\u00f3n de la misma. <\/p>\n\n\n\n<p>Considerando: &#8220;el desgaste de la bater\u00eda&#8221; con el tiempo puede influir en el rendimiento de forma negativa.<\/p>\n\n\n\n<blockquote class=\"wp-block-quote is-layout-flow wp-block-quote-is-layout-flow\">\n<p>No, lo s\u00e9 Rick. &#8211;<\/p>\n<\/blockquote>\n\n\n\n<h2 class=\"wp-block-heading\">Precio<\/h2>\n\n\n\n<p>Las Vision Pro tendr\u00e1n un precio de 3.499 d\u00f3lares en Estados Unidos. Sin embargo, en Latinoam\u00e9rica, es probable que el costo sea considerablemente mayor debido a los gastos de env\u00edo y el impuesto al valor agregado (IVA). <\/p>\n\n\n\n<p> <\/p>","protected":false},"excerpt":{"rendered":"<p>Durante la Conferencia Mundial de Desarrolladores (WWDC) de junio de 2023, Apple revel\u00f3 sus lentes de realidad mixta Vision Pro. Aunque la marca no especific\u00f3 la fecha exacta de lanzamiento en ese momento, recientemente anunci\u00f3 que abrir\u00e1 la preventa el 19 de enero, con los primeros env\u00edos programados para el 2 de febrero de este &hellip;<\/p>","protected":false},"author":2,"featured_media":20719,"comment_status":"closed","ping_status":"closed","sticky":false,"template":"","format":"standard","meta":{"jetpack_post_was_ever_published":false,"_jetpack_newsletter_access":"","_jetpack_dont_email_post_to_subs":false,"_jetpack_newsletter_tier_id":0,"_jetpack_memberships_contains_paywalled_content":false,"_jetpack_memberships_contains_paid_content":false,"footnotes":"","jetpack_publicize_message":"","jetpack_publicize_feature_enabled":true,"jetpack_social_post_already_shared":true,"jetpack_social_options":{"image_generator_settings":{"template":"highway","default_image_id":0,"font":"","enabled":false},"version":2}},"categories":[5,1237],"tags":[1307,286],"class_list":["post-20716","post","type-post","status-publish","format-standard","has-post-thumbnail","hentry","category-apple","category-noticia","tag-apple-vision-pro","tag-novedades"],"jetpack_publicize_connections":[],"jetpack_featured_media_url":"https:\/\/www.macquero.com\/wp-content\/uploads\/2024\/01\/ev.jpg","jetpack_sharing_enabled":true,"_links":{"self":[{"href":"https:\/\/www.macquero.com\/en\/wp-json\/wp\/v2\/posts\/20716","targetHints":{"allow":["GET"]}}],"collection":[{"href":"https:\/\/www.macquero.com\/en\/wp-json\/wp\/v2\/posts"}],"about":[{"href":"https:\/\/www.macquero.com\/en\/wp-json\/wp\/v2\/types\/post"}],"author":[{"embeddable":true,"href":"https:\/\/www.macquero.com\/en\/wp-json\/wp\/v2\/users\/2"}],"replies":[{"embeddable":true,"href":"https:\/\/www.macquero.com\/en\/wp-json\/wp\/v2\/comments?post=20716"}],"version-history":[{"count":3,"href":"https:\/\/www.macquero.com\/en\/wp-json\/wp\/v2\/posts\/20716\/revisions"}],"predecessor-version":[{"id":20720,"href":"https:\/\/www.macquero.com\/en\/wp-json\/wp\/v2\/posts\/20716\/revisions\/20720"}],"wp:featuredmedia":[{"embeddable":true,"href":"https:\/\/www.macquero.com\/en\/wp-json\/wp\/v2\/media\/20719"}],"wp:attachment":[{"href":"https:\/\/www.macquero.com\/en\/wp-json\/wp\/v2\/media?parent=20716"}],"wp:term":[{"taxonomy":"category","embeddable":true,"href":"https:\/\/www.macquero.com\/en\/wp-json\/wp\/v2\/categories?post=20716"},{"taxonomy":"post_tag","embeddable":true,"href":"https:\/\/www.macquero.com\/en\/wp-json\/wp\/v2\/tags?post=20716"}],"curies":[{"name":"wp","href":"https:\/\/api.w.org\/{rel}","templated":true}]}}