{"id":20682,"date":"2024-01-09T05:41:17","date_gmt":"2024-01-09T11:41:17","guid":{"rendered":"https:\/\/www.macquero.com\/?p=20682"},"modified":"2024-01-09T05:42:03","modified_gmt":"2024-01-09T11:42:03","slug":"la-mas-reciente-filtracion-relacionada-con-el-iphone-16-sugiere-la-llegada-de-modelos-pro-con-dimensiones-mas-grandes","status":"publish","type":"post","link":"https:\/\/www.macquero.com\/en\/2024\/01\/la-mas-reciente-filtracion-relacionada-con-el-iphone-16-sugiere-la-llegada-de-modelos-pro-con-dimensiones-mas-grandes\/","title":{"rendered":"La m\u00e1s reciente filtraci\u00f3n relacionada con el iPhone 16 sugiere la llegada de modelos Pro con dimensiones m\u00e1s grandes."},"content":{"rendered":"<p>A\u00fan restan nueve meses para que Apple revele oficialmente su pr\u00f3xima generaci\u00f3n de dispositivos m\u00f3viles, espec\u00edficamente, los iPhone 16. Como es costumbre, es bastante probable que la empresa mantenga en secreto los detalles sobre los nuevos modelos hasta el d\u00eda de su esperada presentaci\u00f3n en la Keynote. <\/p>\n\n\n\n<blockquote class=\"wp-block-quote is-layout-flow wp-block-quote-is-layout-flow\">\n<p>No obstante, como suele suceder cada a\u00f1o, las filtraciones comienzan a ofrecer peque\u00f1as pinceladas sobre lo que podr\u00edamos anticipar ver en septiembre.<\/p>\n<\/blockquote>\n\n\n\n<p>En esta ocasi\u00f3n, el medio especializado Macrumors reporta que los iPhone 16 experimentar\u00e1n cambios significativos en cuanto a su dise\u00f1o. Espec\u00edficamente, se prev\u00e9 que Apple incremente el tama\u00f1o del iPhone 16 Pro a 6,3 pulgadas y el del iPhone 16 Pro Max a 6,9 pulgadas, marcando as\u00ed la primera actualizaci\u00f3n sustancial en dimensiones en varios a\u00f1os. Cabe destacar que estas modificaciones se aplicar\u00e1n exclusivamente a los modelos Pro, mientras que el resto de los modelos de iPhone 16 conservar\u00e1n el mismo tama\u00f1o que la generaci\u00f3n anterior.<\/p>\n\n\n\n<p>Pero como hemos mencionado al principio de la nota, toda esta informaci\u00f3n son rumores y Apple no ha confirmado ninguna caracter\u00edstica.<\/p>","protected":false},"excerpt":{"rendered":"<p>A\u00fan restan nueve meses para que Apple revele oficialmente su pr\u00f3xima generaci\u00f3n de dispositivos m\u00f3viles, espec\u00edficamente, los iPhone 16. Como es costumbre, es bastante probable que la empresa mantenga en secreto los detalles sobre los nuevos modelos hasta el d\u00eda de su esperada presentaci\u00f3n en la Keynote. No obstante, como suele suceder cada a\u00f1o, las &hellip;<\/p>","protected":false},"author":2,"featured_media":20684,"comment_status":"closed","ping_status":"closed","sticky":false,"template":"","format":"standard","meta":{"jetpack_post_was_ever_published":false,"_jetpack_newsletter_access":"","_jetpack_dont_email_post_to_subs":false,"_jetpack_newsletter_tier_id":0,"_jetpack_memberships_contains_paywalled_content":false,"_jetpack_memberships_contains_paid_content":false,"footnotes":"","jetpack_publicize_message":"","jetpack_publicize_feature_enabled":true,"jetpack_social_post_already_shared":true,"jetpack_social_options":{"image_generator_settings":{"template":"highway","default_image_id":0,"font":"","enabled":false},"version":2}},"categories":[5,1054],"tags":[286,1074],"class_list":["post-20682","post","type-post","status-publish","format-standard","has-post-thumbnail","hentry","category-apple","category-rumores","tag-novedades","tag-rumores"],"jetpack_publicize_connections":[],"jetpack_featured_media_url":"https:\/\/www.macquero.com\/wp-content\/uploads\/2024\/01\/pp.jpg","jetpack_sharing_enabled":true,"_links":{"self":[{"href":"https:\/\/www.macquero.com\/en\/wp-json\/wp\/v2\/posts\/20682","targetHints":{"allow":["GET"]}}],"collection":[{"href":"https:\/\/www.macquero.com\/en\/wp-json\/wp\/v2\/posts"}],"about":[{"href":"https:\/\/www.macquero.com\/en\/wp-json\/wp\/v2\/types\/post"}],"author":[{"embeddable":true,"href":"https:\/\/www.macquero.com\/en\/wp-json\/wp\/v2\/users\/2"}],"replies":[{"embeddable":true,"href":"https:\/\/www.macquero.com\/en\/wp-json\/wp\/v2\/comments?post=20682"}],"version-history":[{"count":1,"href":"https:\/\/www.macquero.com\/en\/wp-json\/wp\/v2\/posts\/20682\/revisions"}],"predecessor-version":[{"id":20685,"href":"https:\/\/www.macquero.com\/en\/wp-json\/wp\/v2\/posts\/20682\/revisions\/20685"}],"wp:featuredmedia":[{"embeddable":true,"href":"https:\/\/www.macquero.com\/en\/wp-json\/wp\/v2\/media\/20684"}],"wp:attachment":[{"href":"https:\/\/www.macquero.com\/en\/wp-json\/wp\/v2\/media?parent=20682"}],"wp:term":[{"taxonomy":"category","embeddable":true,"href":"https:\/\/www.macquero.com\/en\/wp-json\/wp\/v2\/categories?post=20682"},{"taxonomy":"post_tag","embeddable":true,"href":"https:\/\/www.macquero.com\/en\/wp-json\/wp\/v2\/tags?post=20682"}],"curies":[{"name":"wp","href":"https:\/\/api.w.org\/{rel}","templated":true}]}}