{"id":20617,"date":"2023-12-30T00:20:00","date_gmt":"2023-12-30T06:20:00","guid":{"rendered":"https:\/\/www.macquero.com\/?p=20617"},"modified":"2023-12-29T04:33:53","modified_gmt":"2023-12-29T10:33:53","slug":"ricky-gervais-armageddon","status":"publish","type":"post","link":"https:\/\/www.macquero.com\/en\/2023\/12\/ricky-gervais-armageddon\/","title":{"rendered":"Ricky Gervais: Armageddon."},"content":{"rendered":"<p>Puntuaci\u00f3n: &#x2b50;&#x2b50;<\/p>\n\n\n\n<p>Este lunes 25 se ha estrenado &#8216;Armageddon&#8217;. el especial del humorista en Netflix, que antes de su estreno ya arrastraba una petici\u00f3n de censura.<\/p>\n\n\n\n<h2 class=\"wp-block-heading\">Sipnosis<\/h2>\n\n\n\n<p>La mente ganadora del BAFTA y del Globo de Oro detr\u00e1s de The Office, Extras y Afterlife sube al escenario para un nuevo y provocativo especial de comedia, que habla del fin de la humanidad, la correcci\u00f3n pol\u00edtica y las bodas familiares.<\/p>\n\n\n\n<p>Ricky Gervais, reconocido por su estilo de humor pol\u00e9mico, ha generado una nueva controversia a ra\u00edz de un chiste en su reci\u00e9n estrenado especial de Netflix, &#8220;Armageddon&#8221;. En un avance compartido por el propio comediante, hizo bromas de mal gusto sobre ni\u00f1os con enfermedades terminales, utilizando t\u00e9rminos despectivos como &#8220;calvitos&#8221; y &#8220;retrasados&#8221;. Esta situaci\u00f3n ha motivado a m\u00e1s de 12,000 personas a firmar una petici\u00f3n en Change.org, exigiendo a Netflix que elimine dicho &#8220;chiste&#8221; del especial<\/p>\n\n\n\n<blockquote class=\"wp-block-quote is-layout-flow wp-block-quote-is-layout-flow\">\n<p>En\u00a0<a rel=\"noreferrer noopener\" href=\"https:\/\/player.fm\/series\/headliners\/ricky-gervais-UdmugaXAjj7oN7MG\" target=\"_blank\">BBC Radio 5 Live<\/a>\u00a0que todo es humor y que\u00a0<strong>no usa el t\u00e9rmino despectivo en la vida real<\/strong>, insistiendo en que solo interpreta un papel.<\/p>\n<\/blockquote>\n\n\n\n<p>Anna Villa, impulsora de la petici\u00f3n y madre de un ni\u00f1o que ha enfrentado la batalla contra el c\u00e1ncer, presenta argumentos en contra del chiste de Gervais, catalog\u00e1ndolo como irrespetuoso y profundamente doloroso. Villa destaca que los ni\u00f1os que lidian con enfermedades graves enfrentan su situaci\u00f3n con valent\u00eda y sostiene que no deber\u00edan convertirse en blanco de bromas. <\/p>\n\n\n\n<p>Tanto ella como otros demandantes instan a Netflix a suprimir este segmento ofensivo, haciendo hincapi\u00e9 en que la comedia no deber\u00eda ocasionar dolor o sufrimiento, especialmente a ni\u00f1os inocentes que enfrentan luchas vitales.<\/p>\n\n\n\n<blockquote class=\"wp-block-quote is-layout-flow wp-block-quote-is-layout-flow\">\n<p>En lo personal, no tengo certeza de, si ha perdido la raz\u00f3n o si son simplemente desgastes propios del envejecimiento. Risas.<\/p>\n<\/blockquote>\n\n\n\n<h2 class=\"wp-block-heading\">Cr\u00edtica del sector especializado<\/h2>\n\n\n\n<p>La cr\u00edtica dentro del sector est\u00e1 dividida; algunos sostienen que el programa en su totalidad fue sumamente decepcionante, mientras que sus seguidores m\u00e1s leales son los que le otorgan reconocimiento.<\/p>\n\n\n\n<blockquote class=\"wp-block-quote is-layout-flow wp-block-quote-is-layout-flow\">\n<p>Comprendo su argumento y las motivaciones detr\u00e1s de \u00e9l; sin embargo, lo que no logro entender es c\u00f3mo esquiva las cr\u00edticas con tanta impunidad.<\/p>\n<\/blockquote>\n\n\n\n<p><\/p>","protected":false},"excerpt":{"rendered":"<p>Puntuaci\u00f3n: &#x2b50;&#x2b50; Este lunes 25 se ha estrenado &#8216;Armageddon&#8217;. el especial del humorista en Netflix, que antes de su estreno ya arrastraba una petici\u00f3n de censura. Sipnosis La mente ganadora del BAFTA y del Globo de Oro detr\u00e1s de The Office, Extras y Afterlife sube al escenario para un nuevo y provocativo especial de comedia, &hellip;<\/p>","protected":false},"author":2,"featured_media":20618,"comment_status":"closed","ping_status":"closed","sticky":false,"template":"","format":"standard","meta":{"jetpack_post_was_ever_published":false,"_jetpack_newsletter_access":"","_jetpack_dont_email_post_to_subs":false,"_jetpack_newsletter_tier_id":0,"_jetpack_memberships_contains_paywalled_content":false,"_jetpack_memberships_contains_paid_content":false,"footnotes":"","jetpack_publicize_message":"","jetpack_publicize_feature_enabled":true,"jetpack_social_post_already_shared":true,"jetpack_social_options":{"image_generator_settings":{"template":"highway","default_image_id":0,"font":"","enabled":false},"version":2}},"categories":[1007,733,1036],"tags":[1259,811,797],"class_list":["post-20617","post","type-post","status-publish","format-standard","has-post-thumbnail","hentry","category-avances","category-originales-de-netflix","category-stand-up-comedy","tag-controversial","tag-crudo","tag-inusual"],"jetpack_publicize_connections":[],"jetpack_featured_media_url":"https:\/\/www.macquero.com\/wp-content\/uploads\/2023\/12\/ge.jpg","jetpack_sharing_enabled":true,"_links":{"self":[{"href":"https:\/\/www.macquero.com\/en\/wp-json\/wp\/v2\/posts\/20617","targetHints":{"allow":["GET"]}}],"collection":[{"href":"https:\/\/www.macquero.com\/en\/wp-json\/wp\/v2\/posts"}],"about":[{"href":"https:\/\/www.macquero.com\/en\/wp-json\/wp\/v2\/types\/post"}],"author":[{"embeddable":true,"href":"https:\/\/www.macquero.com\/en\/wp-json\/wp\/v2\/users\/2"}],"replies":[{"embeddable":true,"href":"https:\/\/www.macquero.com\/en\/wp-json\/wp\/v2\/comments?post=20617"}],"version-history":[{"count":2,"href":"https:\/\/www.macquero.com\/en\/wp-json\/wp\/v2\/posts\/20617\/revisions"}],"predecessor-version":[{"id":20620,"href":"https:\/\/www.macquero.com\/en\/wp-json\/wp\/v2\/posts\/20617\/revisions\/20620"}],"wp:featuredmedia":[{"embeddable":true,"href":"https:\/\/www.macquero.com\/en\/wp-json\/wp\/v2\/media\/20618"}],"wp:attachment":[{"href":"https:\/\/www.macquero.com\/en\/wp-json\/wp\/v2\/media?parent=20617"}],"wp:term":[{"taxonomy":"category","embeddable":true,"href":"https:\/\/www.macquero.com\/en\/wp-json\/wp\/v2\/categories?post=20617"},{"taxonomy":"post_tag","embeddable":true,"href":"https:\/\/www.macquero.com\/en\/wp-json\/wp\/v2\/tags?post=20617"}],"curies":[{"name":"wp","href":"https:\/\/api.w.org\/{rel}","templated":true}]}}