{"id":20472,"date":"2023-11-26T16:04:32","date_gmt":"2023-11-26T22:04:32","guid":{"rendered":"https:\/\/www.macquero.com\/?p=20472"},"modified":"2023-11-26T16:08:55","modified_gmt":"2023-11-26T22:08:55","slug":"historia-de-un-crimen-mauricio-leal","status":"publish","type":"post","link":"https:\/\/www.macquero.com\/en\/2023\/11\/historia-de-un-crimen-mauricio-leal\/","title":{"rendered":"Historia de un crimen: Mauricio Leal."},"content":{"rendered":"<p>Puntuaci\u00f3n: &#x2b50;&#x2b50;<\/p>\n\n\n\n<p>A continuaci\u00f3n, te recomendamos ver una dramatizaci\u00f3n que se ha inspirado en eventos reales.<\/p>\n\n\n\n<h2 class=\"wp-block-heading\">Sipnosis<\/h2>\n\n\n\n<p>Un estilista de celebridades aparece muerto a pu\u00f1aladas en su casa junto a su madre. Una joven investigadora tiene solo 20 d\u00edas para resolver el caso. Inspirada en hechos reales.<\/p>\n\n\n\n<h2 class=\"wp-block-heading\">Contexto<\/h2>\n\n\n\n<h1 class=\"wp-block-heading\">La verdadera historia del crimen del estilista Mauricio Leal y su mam\u00e1<\/h1>\n\n\n\n<h2 class=\"wp-block-heading\">De acuerdo con la acusaci\u00f3n del Ministerio P\u00fablico, el responsable del doble asesinato ser\u00eda un pariente cercano de Mauricio Leal y su madre.<\/h2>\n\n\n\n<p>En un principio, se intent\u00f3 sugerir que Mauricio Leal hab\u00eda perpetrado el asesinato de su madre antes de quitarse la vida. Sin embargo, los resultados de la autopsia revelaron que el estilista no pudo infligirse cortes tan profundos, llegando al extremo de que un cuchillo qued\u00f3 incrustado en su abdomen. En la investigaci\u00f3n: se pudo concluir que se le oblig\u00f3 a redactar una carta en la que &#8220;admit\u00eda&#8221; haber matado a su madre.<\/p>\n\n\n\n<h2 class=\"wp-block-heading\">Nota con spoiler<\/h2>\n\n\n\n<p>El 22 de noviembre de 2021, estaba programado que Mauricio Leal firmara un contrato como asesor para Miss Universo Colombia. A pesar de la preparaci\u00f3n completa, no hizo acto de presencia. La ausencia resultaba desconcertante, ya que esta oportunidad no solo representaba un avance significativo en su carrera, sino tambi\u00e9n la culminaci\u00f3n de a\u00f1os de dedicaci\u00f3n.<\/p>\n\n\n\n<p>La preocupaci\u00f3n entre sus conocidos creci\u00f3 al no presentarse, sin sospechar que horas m\u00e1s tarde ser\u00eda descubierto sin vida junto a su madre.<\/p>\n\n\n\n<h2 class=\"wp-block-heading\">\u00bfEl resultado?<\/h2>\n\n\n\n<p>Existe un tercer sospechoso a\u00fan por confirmar, junto con nuevos elementos en la escena que no ofrecen conclusiones definitivas, as\u00ed como posibles motivos que podr\u00edan haber impulsado a los perpetradores.<\/p>\n\n\n\n<p>\u00bfEnvidia?<\/p>\n\n\n\n<p>Curiosidades: No pude hallar un tr\u00e1iler oficial de Netflix para esta pel\u00edcula, la cual proviene de la misma productora que abord\u00f3 el caso Colmenares.<\/p>","protected":false},"excerpt":{"rendered":"<p>Puntuaci\u00f3n: &#x2b50;&#x2b50; A continuaci\u00f3n, te recomendamos ver una dramatizaci\u00f3n que se ha inspirado en eventos reales. Sipnosis Un estilista de celebridades aparece muerto a pu\u00f1aladas en su casa junto a su madre. Una joven investigadora tiene solo 20 d\u00edas para resolver el caso. Inspirada en hechos reales. Contexto La verdadera historia del crimen del estilista &hellip;<\/p>","protected":false},"author":2,"featured_media":20474,"comment_status":"closed","ping_status":"closed","sticky":false,"template":"","format":"standard","meta":{"jetpack_post_was_ever_published":false,"_jetpack_newsletter_access":"","_jetpack_dont_email_post_to_subs":false,"_jetpack_newsletter_tier_id":0,"_jetpack_memberships_contains_paywalled_content":false,"_jetpack_memberships_contains_paid_content":false,"footnotes":"","jetpack_publicize_message":"","jetpack_publicize_feature_enabled":true,"jetpack_social_post_already_shared":true,"jetpack_social_options":{"image_generator_settings":{"template":"highway","default_image_id":0,"font":"","enabled":false},"version":2}},"categories":[734,879],"tags":[1223,1174],"class_list":["post-20472","post","type-post","status-publish","format-standard","has-post-thumbnail","hentry","category-documentales","category-notas-con-spoiler","tag-basada-en-hechos-reales","tag-dramatizacion"],"jetpack_publicize_connections":[],"jetpack_featured_media_url":"https:\/\/www.macquero.com\/wp-content\/uploads\/2023\/11\/io.jpg","jetpack_sharing_enabled":true,"_links":{"self":[{"href":"https:\/\/www.macquero.com\/en\/wp-json\/wp\/v2\/posts\/20472","targetHints":{"allow":["GET"]}}],"collection":[{"href":"https:\/\/www.macquero.com\/en\/wp-json\/wp\/v2\/posts"}],"about":[{"href":"https:\/\/www.macquero.com\/en\/wp-json\/wp\/v2\/types\/post"}],"author":[{"embeddable":true,"href":"https:\/\/www.macquero.com\/en\/wp-json\/wp\/v2\/users\/2"}],"replies":[{"embeddable":true,"href":"https:\/\/www.macquero.com\/en\/wp-json\/wp\/v2\/comments?post=20472"}],"version-history":[{"count":2,"href":"https:\/\/www.macquero.com\/en\/wp-json\/wp\/v2\/posts\/20472\/revisions"}],"predecessor-version":[{"id":20475,"href":"https:\/\/www.macquero.com\/en\/wp-json\/wp\/v2\/posts\/20472\/revisions\/20475"}],"wp:featuredmedia":[{"embeddable":true,"href":"https:\/\/www.macquero.com\/en\/wp-json\/wp\/v2\/media\/20474"}],"wp:attachment":[{"href":"https:\/\/www.macquero.com\/en\/wp-json\/wp\/v2\/media?parent=20472"}],"wp:term":[{"taxonomy":"category","embeddable":true,"href":"https:\/\/www.macquero.com\/en\/wp-json\/wp\/v2\/categories?post=20472"},{"taxonomy":"post_tag","embeddable":true,"href":"https:\/\/www.macquero.com\/en\/wp-json\/wp\/v2\/tags?post=20472"}],"curies":[{"name":"wp","href":"https:\/\/api.w.org\/{rel}","templated":true}]}}