{"id":20412,"date":"2023-11-12T00:20:00","date_gmt":"2023-11-12T06:20:00","guid":{"rendered":"https:\/\/www.macquero.com\/?p=20412"},"modified":"2023-11-12T14:53:41","modified_gmt":"2023-11-12T20:53:41","slug":"el-tan-esperado-cambio-en-el-que-apple-parece-estar-concentrandose-se-resume-en-una-liberacion-de-preocupaciones-decir-adios-a-la-constante-inquietud-por-la-duracion-de-la-bateria-de-los-iphone","status":"publish","type":"post","link":"https:\/\/www.macquero.com\/en\/2023\/11\/el-tan-esperado-cambio-en-el-que-apple-parece-estar-concentrandose-se-resume-en-una-liberacion-de-preocupaciones-decir-adios-a-la-constante-inquietud-por-la-duracion-de-la-bateria-de-los-iphone\/","title":{"rendered":"El tan esperado cambio en el que Apple parece estar concentr\u00e1ndose se resume en una liberaci\u00f3n de preocupaciones: decir adi\u00f3s a la constante inquietud por la duraci\u00f3n de la bater\u00eda de los iPhone."},"content":{"rendered":"<p>Las bater\u00edas de los iPhone siempre han sido un tema candente. Hace un mes, una queja viral en Twitter llam\u00f3 la atenci\u00f3n de una tiktoker debido a la limitada duraci\u00f3n de la bater\u00eda en su nuevo dispositivo Apple. <\/p>\n\n\n\n<p>Adem\u00e1s, se hizo famosa la controversia en torno al sobrecalentamiento de los modelos iPhone 15 Pro y Pro Max durante la carga. Sin embargo, a pesar de estos problemas, la marca logr\u00f3 abordar estas preocupaciones mediante una actualizaci\u00f3n de iOS 17, la cu\u00e1l a\u00fan con est\u00e1 actualizaci\u00f3n, algunos usuarios se encuentran todav\u00eda experimentando p\u00e9rdida en sus dispositivos.<\/p>\n\n\n\n<blockquote class=\"wp-block-quote is-layout-flow wp-block-quote-is-layout-flow\">\n<p>Sin embargo, existe la posibilidad de que&nbsp;Apple&nbsp;est\u00e9 desarrollando&nbsp;una bater\u00eda de fabricaci\u00f3n propia&nbsp;con un gran rendimiento para&nbsp;comercializarla en 2025,&nbsp;<a rel=\"noreferrer noopener\" href=\"https:\/\/www.etnews.com\/20231106000233\" target=\"_blank\">informa el diario ETNews<\/a>.&nbsp;<\/p>\n<\/blockquote>\n\n\n\n<p>En otras palabras, la marca est\u00e1 buscando una composici\u00f3n diferente a la que actualmente utilizan. Su objetivo principal es desarrollar una bater\u00eda con un &#8220;rendimiento significativamente mejorado en comparaci\u00f3n con la actual&#8221;.<\/p>\n\n\n\n<h2 class=\"wp-block-heading\">\u00bfQu\u00e9 materiales tendr\u00e1 la nueva bater\u00eda de los iPhone?<\/h2>\n\n\n\n<p>Los materiales utilizados en los \u00e1nodos son cr\u00edticos en la determinaci\u00f3n del rendimiento de la bater\u00eda, incluyendo aspectos como la densidad, la capacidad de entrega de energ\u00eda y la estabilidad. <\/p>\n\n\n\n<blockquote class=\"wp-block-quote is-layout-flow wp-block-quote-is-layout-flow\">\n<p>En el caso de Apple, la empresa desarrolla materiales cat\u00f3dicos combinando elementos como n\u00edquel, cobalto, manganeso y aluminio.<\/p>\n<\/blockquote>\n\n\n\n<p>Sin embargo, la marca est\u00e1 explorando una nueva composici\u00f3n, distinta a la actual, con el prop\u00f3sito de mejorar la durabilidad y el rendimiento. Seg\u00fan la fuente citada, la inclusi\u00f3n de nanotubos de carbono y silicio podr\u00eda ser esencial para lograr estas mejoras y posiblemente &#8220;crear una bater\u00eda sin precedentes en el mercado mundial&#8221;.<\/p>","protected":false},"excerpt":{"rendered":"<p>Las bater\u00edas de los iPhone siempre han sido un tema candente. Hace un mes, una queja viral en Twitter llam\u00f3 la atenci\u00f3n de una tiktoker debido a la limitada duraci\u00f3n de la bater\u00eda en su nuevo dispositivo Apple. Adem\u00e1s, se hizo famosa la controversia en torno al sobrecalentamiento de los modelos iPhone 15 Pro y &hellip;<\/p>","protected":false},"author":2,"featured_media":20421,"comment_status":"closed","ping_status":"closed","sticky":false,"template":"","format":"standard","meta":{"jetpack_post_was_ever_published":false,"_jetpack_newsletter_access":"","_jetpack_dont_email_post_to_subs":false,"_jetpack_newsletter_tier_id":0,"_jetpack_memberships_contains_paywalled_content":false,"_jetpack_memberships_contains_paid_content":false,"footnotes":"","jetpack_publicize_message":"","jetpack_publicize_feature_enabled":true,"jetpack_social_post_already_shared":true,"jetpack_social_options":{"image_generator_settings":{"template":"highway","default_image_id":0,"font":"","enabled":false},"version":2}},"categories":[5,1237],"tags":[1190,286],"class_list":["post-20412","post","type-post","status-publish","format-standard","has-post-thumbnail","hentry","category-apple","category-noticia","tag-iphone","tag-novedades"],"jetpack_publicize_connections":[],"jetpack_featured_media_url":"https:\/\/www.macquero.com\/wp-content\/uploads\/2023\/11\/pp-2.jpg","jetpack_sharing_enabled":true,"_links":{"self":[{"href":"https:\/\/www.macquero.com\/en\/wp-json\/wp\/v2\/posts\/20412","targetHints":{"allow":["GET"]}}],"collection":[{"href":"https:\/\/www.macquero.com\/en\/wp-json\/wp\/v2\/posts"}],"about":[{"href":"https:\/\/www.macquero.com\/en\/wp-json\/wp\/v2\/types\/post"}],"author":[{"embeddable":true,"href":"https:\/\/www.macquero.com\/en\/wp-json\/wp\/v2\/users\/2"}],"replies":[{"embeddable":true,"href":"https:\/\/www.macquero.com\/en\/wp-json\/wp\/v2\/comments?post=20412"}],"version-history":[{"count":2,"href":"https:\/\/www.macquero.com\/en\/wp-json\/wp\/v2\/posts\/20412\/revisions"}],"predecessor-version":[{"id":20422,"href":"https:\/\/www.macquero.com\/en\/wp-json\/wp\/v2\/posts\/20412\/revisions\/20422"}],"wp:featuredmedia":[{"embeddable":true,"href":"https:\/\/www.macquero.com\/en\/wp-json\/wp\/v2\/media\/20421"}],"wp:attachment":[{"href":"https:\/\/www.macquero.com\/en\/wp-json\/wp\/v2\/media?parent=20412"}],"wp:term":[{"taxonomy":"category","embeddable":true,"href":"https:\/\/www.macquero.com\/en\/wp-json\/wp\/v2\/categories?post=20412"},{"taxonomy":"post_tag","embeddable":true,"href":"https:\/\/www.macquero.com\/en\/wp-json\/wp\/v2\/tags?post=20412"}],"curies":[{"name":"wp","href":"https:\/\/api.w.org\/{rel}","templated":true}]}}