{"id":20383,"date":"2023-11-03T22:41:30","date_gmt":"2023-11-04T04:41:30","guid":{"rendered":"https:\/\/www.macquero.com\/?p=20383"},"modified":"2023-11-03T22:42:03","modified_gmt":"2023-11-04T04:42:03","slug":"el-proximo-apple-watch-podria-tener-la-capacidad-de-detectar-la-apnea-del-sueno","status":"publish","type":"post","link":"https:\/\/www.macquero.com\/en\/2023\/11\/el-proximo-apple-watch-podria-tener-la-capacidad-de-detectar-la-apnea-del-sueno\/","title":{"rendered":"El pr\u00f3ximo Apple Watch podr\u00eda tener la capacidad de detectar la apnea del sue\u00f1o."},"content":{"rendered":"<p>Apple introdujo su reloj inteligente, el Apple Watch, en abril de 2015 desde entonces, la empresa ha continuado mejorando aspectos como el dise\u00f1o, la duraci\u00f3n de la bater\u00eda, el rendimiento del procesador, las funciones, los sensores y la capacidad de almacenamiento, entre otros. Sin embargo, recientemente, el analista Mark Gurman de Bloomberg anunci\u00f3 que el pr\u00f3ximo reloj inteligente de Apple podr\u00eda incorporar la capacidad de medir la presi\u00f3n arterial de los usuarios y detectar signos de apnea del sue\u00f1o.<\/p>\n\n\n\n<p>Estas nuevas funcionalidades ser\u00edan posibles gracias al procesador S9, que se encuentra integrado en la serie Apple Watch 9 y en el modelo Apple Ultra 2. En el caso de la detecci\u00f3n de apnea del sue\u00f1o, Apple utilizar\u00eda patrones de sue\u00f1o y respiraci\u00f3n para identificar posibles indicios de este trastorno. En caso de detectarlos, el smartwatch sugerir\u00eda al usuario que contacte a un profesional de la salud.<\/p>\n\n\n\n<p>En cuanto a la medici\u00f3n de la presi\u00f3n arterial, si Apple detecta valores fuera de los rangos normales, la compa\u00f1\u00eda tambi\u00e9n aconsejar\u00eda a los usuarios que verifiquen sus valores de presi\u00f3n arterial de manera convencional y consulten a un m\u00e9dico para obtener mediciones precisas de la presi\u00f3n sist\u00f3lica y diast\u00f3lica.<\/p>","protected":false},"excerpt":{"rendered":"<p>Apple introdujo su reloj inteligente, el Apple Watch, en abril de 2015 desde entonces, la empresa ha continuado mejorando aspectos como el dise\u00f1o, la duraci\u00f3n de la bater\u00eda, el rendimiento del procesador, las funciones, los sensores y la capacidad de almacenamiento, entre otros. Sin embargo, recientemente, el analista Mark Gurman de Bloomberg anunci\u00f3 que el &hellip;<\/p>","protected":false},"author":2,"featured_media":20384,"comment_status":"closed","ping_status":"closed","sticky":false,"template":"","format":"standard","meta":{"jetpack_post_was_ever_published":false,"_jetpack_newsletter_access":"","_jetpack_dont_email_post_to_subs":false,"_jetpack_newsletter_tier_id":0,"_jetpack_memberships_contains_paywalled_content":false,"_jetpack_memberships_contains_paid_content":false,"footnotes":"","jetpack_publicize_message":"","jetpack_publicize_feature_enabled":true,"jetpack_social_post_already_shared":true,"jetpack_social_options":{"image_generator_settings":{"template":"highway","default_image_id":0,"font":"","enabled":false},"version":2}},"categories":[5,1237],"tags":[286],"class_list":["post-20383","post","type-post","status-publish","format-standard","has-post-thumbnail","hentry","category-apple","category-noticia","tag-novedades"],"jetpack_publicize_connections":[],"jetpack_featured_media_url":"https:\/\/www.macquero.com\/wp-content\/uploads\/2023\/11\/pp.jpg","jetpack_sharing_enabled":true,"_links":{"self":[{"href":"https:\/\/www.macquero.com\/en\/wp-json\/wp\/v2\/posts\/20383","targetHints":{"allow":["GET"]}}],"collection":[{"href":"https:\/\/www.macquero.com\/en\/wp-json\/wp\/v2\/posts"}],"about":[{"href":"https:\/\/www.macquero.com\/en\/wp-json\/wp\/v2\/types\/post"}],"author":[{"embeddable":true,"href":"https:\/\/www.macquero.com\/en\/wp-json\/wp\/v2\/users\/2"}],"replies":[{"embeddable":true,"href":"https:\/\/www.macquero.com\/en\/wp-json\/wp\/v2\/comments?post=20383"}],"version-history":[{"count":1,"href":"https:\/\/www.macquero.com\/en\/wp-json\/wp\/v2\/posts\/20383\/revisions"}],"predecessor-version":[{"id":20385,"href":"https:\/\/www.macquero.com\/en\/wp-json\/wp\/v2\/posts\/20383\/revisions\/20385"}],"wp:featuredmedia":[{"embeddable":true,"href":"https:\/\/www.macquero.com\/en\/wp-json\/wp\/v2\/media\/20384"}],"wp:attachment":[{"href":"https:\/\/www.macquero.com\/en\/wp-json\/wp\/v2\/media?parent=20383"}],"wp:term":[{"taxonomy":"category","embeddable":true,"href":"https:\/\/www.macquero.com\/en\/wp-json\/wp\/v2\/categories?post=20383"},{"taxonomy":"post_tag","embeddable":true,"href":"https:\/\/www.macquero.com\/en\/wp-json\/wp\/v2\/tags?post=20383"}],"curies":[{"name":"wp","href":"https:\/\/api.w.org\/{rel}","templated":true}]}}