{"id":20342,"date":"2023-10-25T07:57:03","date_gmt":"2023-10-25T13:57:03","guid":{"rendered":"https:\/\/www.macquero.com\/?p=20342"},"modified":"2023-10-25T07:57:05","modified_gmt":"2023-10-25T13:57:05","slug":"apple-revela-un-proximo-evento-especial-aqui-esta-lo-que-esperamos-presenciar-en-la-keynote-scary-fast","status":"publish","type":"post","link":"https:\/\/www.macquero.com\/en\/2023\/10\/apple-revela-un-proximo-evento-especial-aqui-esta-lo-que-esperamos-presenciar-en-la-keynote-scary-fast\/","title":{"rendered":"Apple revela un pr\u00f3ximo evento especial: aqu\u00ed est\u00e1 lo que esperamos presenciar en la keynote &#8216;Scary Fast&#8217;."},"content":{"rendered":"<p>La marca tecnol\u00f3gica fundada por Steve Jobs est\u00e1 a punto de desvelar sus \u00faltimos productos en la v\u00edspera de Halloween, a trav\u00e9s de sus canales de YouTube y su p\u00e1gina web. Ya circulan rumores acerca de lo que podr\u00eda presentar.<\/p>\n\n\n\n<p>La keynote de Apple que tuvo lugar a principios de septiembre dej\u00f3 a los seguidores con ganas de m\u00e1s, ya que no revel\u00f3 todas las novedades que la compa\u00f1\u00eda ten\u00eda guardadas. <\/p>\n\n\n\n<p>Bajo el nombre de &#8216;Scary Fast&#8217;, esta nueva presentaci\u00f3n estar\u00e1 disponible en l\u00ednea. En esta ocasi\u00f3n, se especula que los productos Mac ser\u00e1n los principales protagonistas, incluyendo un nuevo iMac y una port\u00e1til MacBook. Sin embargo, ser\u00e1 necesario esperar hasta el evento para confirmar estas novedades.<\/p>\n\n\n\n<h2 class=\"wp-block-heading\">\u00bfCu\u00e1ndo ser\u00e1 el pr\u00f3ximo evento de Apple?<\/h2>\n\n\n\n<p>La compa\u00f1\u00eda de la manzana ha anunciado que el evento tendr\u00e1 lugar el pr\u00f3ximo lunes, es decir, el 30 de octubre, coincidiendo con la v\u00edspera de Halloween. Es probable que hayan elegido el nombre &#8216;Scary Fast&#8217; para la presentaci\u00f3n de sus nuevos dispositivos en consonancia con esta festividad.<\/p>\n\n\n\n<h2 class=\"wp-block-heading\">\u00bfD\u00f3nde se podr\u00e1 ver el Apple Event?<\/h2>\n\n\n\n<p>Como es costumbre en todos los eventos de la empresa, los usuarios tendr\u00e1n la posibilidad de presenciar la transmisi\u00f3n en l\u00ednea a trav\u00e9s de la p\u00e1gina oficial de eventos en <a rel=\"noreferrer noopener\" href=\"https:\/\/www.apple.com\/apple-events\/\" data-type=\"URL\" data-id=\"https:\/\/www.apple.com\/apple-events\/\" target=\"_blank\">apple.com\/apple-events\/<\/a> o mediante su canal de <a href=\"https:\/\/www.youtube.com\/watch?v=ctkW3V0Mh-k\" data-type=\"URL\" data-id=\"https:\/\/www.youtube.com\/watch?v=ctkW3V0Mh-k\" target=\"_blank\" rel=\"noreferrer noopener\">YouTube<\/a>.<\/p>\n\n\n\n<h2 class=\"wp-block-heading\">Los rumores sobre las novedades del evento de Apple<\/h2>\n\n\n\n<p>Seg\u00fan el analista Mark Gurman de Bloomberg, la empresa estadounidense tiene la intenci\u00f3n de lanzar una nueva computadora de escritorio iMac todo en uno de 24 pulgadas, sucesor del modelo presentado en 2021, adem\u00e1s de la posibilidad de un nuevo MacBook Pro en tama\u00f1os de 13, 14 y 16 pulgadas.<\/p>\n\n\n\n<p>Los rumores no proporcionan detalles sobre si estos nuevos dispositivos estar\u00e1n equipados con el \u00faltimo chip M3 de 3nm de Apple. -Es importante recordar que el iMac no se actualiz\u00f3 al procesador M2 el a\u00f1o pasado, lo que abre la posibilidad de que se salten esa generaci\u00f3n y avancen directamente a la tercera.<\/p>\n\n\n\n<p>Es fundamental tener en cuenta que, por ahora, todo esto son especulaciones que podr\u00edan o no confirmarse. Por lo tanto, tendremos que esperar ansiosos a la presentaci\u00f3n &#8216;Scary Fast&#8217; para descubrir lo que Apple tiene reservado para sus clientes.<\/p>","protected":false},"excerpt":{"rendered":"<p>La marca tecnol\u00f3gica fundada por Steve Jobs est\u00e1 a punto de desvelar sus \u00faltimos productos en la v\u00edspera de Halloween, a trav\u00e9s de sus canales de YouTube y su p\u00e1gina web. Ya circulan rumores acerca de lo que podr\u00eda presentar. La keynote de Apple que tuvo lugar a principios de septiembre dej\u00f3 a los seguidores &hellip;<\/p>","protected":false},"author":2,"featured_media":20343,"comment_status":"closed","ping_status":"closed","sticky":false,"template":"","format":"standard","meta":{"jetpack_post_was_ever_published":false,"_jetpack_newsletter_access":"","_jetpack_dont_email_post_to_subs":false,"_jetpack_newsletter_tier_id":0,"_jetpack_memberships_contains_paywalled_content":false,"_jetpack_memberships_contains_paid_content":false,"footnotes":"","jetpack_publicize_message":"","jetpack_publicize_feature_enabled":true,"jetpack_social_post_already_shared":true,"jetpack_social_options":{"image_generator_settings":{"template":"highway","default_image_id":0,"font":"","enabled":false},"version":2}},"categories":[5,1054],"tags":[1120,1099,286,1290],"class_list":["post-20342","post","type-post","status-publish","format-standard","has-post-thumbnail","hentry","category-apple","category-rumores","tag-evento","tag-keynote","tag-novedades","tag-scary-fast"],"jetpack_publicize_connections":[],"jetpack_featured_media_url":"https:\/\/www.macquero.com\/wp-content\/uploads\/2023\/10\/pp-3.jpg","jetpack_sharing_enabled":true,"_links":{"self":[{"href":"https:\/\/www.macquero.com\/en\/wp-json\/wp\/v2\/posts\/20342","targetHints":{"allow":["GET"]}}],"collection":[{"href":"https:\/\/www.macquero.com\/en\/wp-json\/wp\/v2\/posts"}],"about":[{"href":"https:\/\/www.macquero.com\/en\/wp-json\/wp\/v2\/types\/post"}],"author":[{"embeddable":true,"href":"https:\/\/www.macquero.com\/en\/wp-json\/wp\/v2\/users\/2"}],"replies":[{"embeddable":true,"href":"https:\/\/www.macquero.com\/en\/wp-json\/wp\/v2\/comments?post=20342"}],"version-history":[{"count":1,"href":"https:\/\/www.macquero.com\/en\/wp-json\/wp\/v2\/posts\/20342\/revisions"}],"predecessor-version":[{"id":20344,"href":"https:\/\/www.macquero.com\/en\/wp-json\/wp\/v2\/posts\/20342\/revisions\/20344"}],"wp:featuredmedia":[{"embeddable":true,"href":"https:\/\/www.macquero.com\/en\/wp-json\/wp\/v2\/media\/20343"}],"wp:attachment":[{"href":"https:\/\/www.macquero.com\/en\/wp-json\/wp\/v2\/media?parent=20342"}],"wp:term":[{"taxonomy":"category","embeddable":true,"href":"https:\/\/www.macquero.com\/en\/wp-json\/wp\/v2\/categories?post=20342"},{"taxonomy":"post_tag","embeddable":true,"href":"https:\/\/www.macquero.com\/en\/wp-json\/wp\/v2\/tags?post=20342"}],"curies":[{"name":"wp","href":"https:\/\/api.w.org\/{rel}","templated":true}]}}