{"id":20236,"date":"2023-10-01T09:53:19","date_gmt":"2023-10-01T15:53:19","guid":{"rendered":"https:\/\/www.macquero.com\/?p=20236"},"modified":"2023-10-01T09:53:23","modified_gmt":"2023-10-01T15:53:23","slug":"controversia-los-modelos-pro-del-iphone-15-presentan-un-aumento-inusual-en-la-temperatura-lo-que-sugiere-que-apple-podria-haber-tenido-conocimiento-previo-de-esta-circunstancia","status":"publish","type":"post","link":"https:\/\/www.macquero.com\/en\/2023\/10\/controversia-los-modelos-pro-del-iphone-15-presentan-un-aumento-inusual-en-la-temperatura-lo-que-sugiere-que-apple-podria-haber-tenido-conocimiento-previo-de-esta-circunstancia\/","title":{"rendered":"Controversia: Los modelos Pro del iPhone 15 presentan un aumento inusual en la temperatura, lo que sugiere que Apple podr\u00eda haber tenido conocimiento previo de esta circunstancia."},"content":{"rendered":"<blockquote class=\"wp-block-quote is-layout-flow wp-block-quote-is-layout-flow\">\n<p>Los consumidores que han adquirido este smartphone han se\u00f1alado que experimenta elevadas temperaturas, y cuando mencionamos &#8216;elevadas&#8217;, nos referimos a que el dispositivo llega a calentarse de forma extrema, incluso cuando no se encuentra en uso.<\/p>\n<\/blockquote>\n\n\n\n<p>Desde su presentaci\u00f3n, el iPhone 15, que hab\u00eda suscitado grandes expectativas, ha tenido que hacer frente a una serie de obst\u00e1culos que han mantenido ocupados a los equipos de Apple. <\/p>\n\n\n\n<h2 class=\"wp-block-heading\">Problemas por todas partes<\/h2>\n\n\n\n<p>En primer lugar, se presentaron problemas relacionados con las emisiones no ionizantes del iPhone 12, los cuales ya han sido resueltos. -Luego, surgieron quejas sobre las marcas en el nuevo marco de titanio de los modelos 15 Pro y 15 Pro Max, los cuales ten\u00edan &#8220;una soluci\u00f3n sencilla&#8221;. Recientemente <a href=\"https:\/\/twitter.com\/InglisPlis\/status\/1707690818859888789\" data-type=\"URL\" data-id=\"https:\/\/twitter.com\/InglisPlis\/status\/1707690818859888789\" target=\"_blank\" rel=\"noreferrer noopener\">una tiktoker<\/a> expres\u00f3 su descontento por la escasa duraci\u00f3n de la bater\u00eda. <\/p>\n\n\n\n<p>-Y en la actualidad, varios clientes est\u00e1n notificando un problema de <strong>sobrecalentamiento<\/strong> en el iPhone 15 Pro y el 15 Pro Max.<\/p>\n\n\n\n<h2 class=\"wp-block-heading\">Denuncias desde varias plataformas<\/h2>\n\n\n\n<p>Las quejas acerca de las elevadas temperaturas registradas en los iPhone 15 Pro est\u00e1n surgiendo en varios lugares, incluyendo el <a rel=\"noreferrer noopener\" href=\"https:\/\/discussions.apple.com\/thread\/255147042\" data-type=\"URL\" data-id=\"https:\/\/discussions.apple.com\/thread\/255147042\" target=\"_blank\">foro de soporte de Apple<\/a>, <a rel=\"noreferrer noopener\" href=\"https:\/\/www.reddit.com\/r\/iphone\/comments\/16t2mvv\/temperature_of_my_iphone_gets_too_high_when_i\/?rdt=43497\" data-type=\"URL\" data-id=\"https:\/\/www.reddit.com\/r\/iphone\/comments\/16t2mvv\/temperature_of_my_iphone_gets_too_high_when_i\/?rdt=43497\" target=\"_blank\">Reddit<\/a> y <a href=\"https:\/\/x.com\/itz_mohitverma\/status\/1706201557921083816?s=20\" data-type=\"URL\" data-id=\"https:\/\/x.com\/itz_mohitverma\/status\/1706201557921083816?s=20\" target=\"_blank\" rel=\"noreferrer noopener\">X<\/a>, donde los usuarios informan que el dispositivo puede alcanzar temperaturas de hasta 42 \u00b0C. <a href=\"https:\/\/x.com\/itz_mohitverma\/status\/1706201557921083816?s=20\" data-type=\"URL\" data-id=\"https:\/\/x.com\/itz_mohitverma\/status\/1706201557921083816?s=20\" target=\"_blank\" rel=\"noreferrer noopener\">Mohit Verma<\/a>, un creador de contenido especializado en tecnolog\u00eda, comparti\u00f3 su experiencia diciendo: <\/p>\n\n\n\n<figure class=\"wp-block-pullquote\"><blockquote><p>&#8220;El iPhone 15 Pro de titanio natural se calienta much\u00edsimo, al punto de resultar dif\u00edcil de sostener. Adem\u00e1s, experimenta calentamiento incluso despu\u00e9s de una breve llamada FaceTime de 2 minutos o al navegar durante 8 a 10 minutos. Este es un problema completamente nuevo para m\u00ed, ya que nunca hab\u00eda experimentado algo similar en ning\u00fan tel\u00e9fono anterior&#8221;.<\/p><cite>Mohit VErma. &#8211; x.<\/cite><\/blockquote><\/figure>\n\n\n\n<p>El problema del calentamiento parece estar relacionado con varias circunstancias. <\/p>\n\n\n\n<p>-De acuerdo con comentarios de usuarios en l\u00ednea, esto ocurre mientras se carga el dispositivo, al jugar juegos AAA de gran demanda gr\u00e1fica, pero tambi\u00e9n hay quienes aseguran que sucede incluso cuando el tel\u00e9fono no se encuentra en uso.<\/p>\n\n\n\n<p>-No todos los compradores del iPhone 15 Pro est\u00e1n experimentando este problema de sobrecalentamiento, ya que parece ser un defecto que afecta solo a algunos dispositivos. <\/p>\n\n\n\n<p>Ming-Chi Kuo, un destacado analista especializado en Apple, <a rel=\"noreferrer noopener\" href=\"https:\/\/medium.com\/@mingchikuo\/the-iphone-15-pro-series-overheating-issues-are-unrelated-to-tsmcs-advanced-3nm-node-iphone-15-5f354b1ab155\" data-type=\"URL\" data-id=\"https:\/\/medium.com\/@mingchikuo\/the-iphone-15-pro-series-overheating-issues-are-unrelated-to-tsmcs-advanced-3nm-node-iphone-15-5f354b1ab155\" target=\"_blank\">sugiere<\/a> que los inconvenientes no est\u00e1n vinculados al chip de 3 nm de TSMC, sino m\u00e1s bien a lo que \u00e9l denomina &#8220;concesiones&#8221; en el dise\u00f1o, como la implementaci\u00f3n del nuevo marco de titanio, que aparentemente no disipa el calor tan eficazmente como el acero inoxidable utilizado en modelos anteriores.<\/p>\n\n\n\n<h2 class=\"wp-block-heading\">Controversia<\/h2>\n\n\n\n<p>Kuo sostiene que el problema de sobrecalentamiento resulta pr\u00e1cticamente <strong>insoluble<\/strong> si se mantiene el uso de marcos de titanio. La \u00fanica alternativa que contempla ser\u00eda que la compa\u00f1\u00eda <strong>restrinja el rendimiento del procesador A17 Pro<\/strong> o <strong>que proceda a reembolsar a sus clientes<\/strong>.<\/p>\n\n\n\n<blockquote class=\"wp-block-quote is-layout-flow wp-block-quote-is-layout-flow\">\n<p>Con esta premisa en mente, es imperativo que Apple implemente rigurosos controles de calidad en sus productos, especialmente en los futuros lanzamientos, para evitar que situaciones como estas se repitan.<\/p>\n<\/blockquote>\n\n\n\n<h2 class=\"wp-block-heading\"><strong>La fuente muestra inquietud<\/strong><\/h2>\n\n\n\n<p>&#8220;Es complicado imaginar que Apple no hubiera tenido conocimiento de esta eventualidad, considerando que se realizan exhaustivas pruebas durante el proceso de fabricaci\u00f3n. Adem\u00e1s, en caso de que el sobrecalentamiento estuviera vinculado a los bordes de titanio, habr\u00eda sido necesario llevar a cabo un escrutinio a\u00fan m\u00e1s minucioso en las pruebas para asegurar un funcionamiento \u00f3ptimo con el dise\u00f1o actual&#8221;.<\/p>\n\n\n\n<p>\u00a0<\/p>","protected":false},"excerpt":{"rendered":"<p>Los consumidores que han adquirido este smartphone han se\u00f1alado que experimenta elevadas temperaturas, y cuando mencionamos &#8216;elevadas&#8217;, nos referimos a que el dispositivo llega a calentarse de forma extrema, incluso cuando no se encuentra en uso. Desde su presentaci\u00f3n, el iPhone 15, que hab\u00eda suscitado grandes expectativas, ha tenido que hacer frente a una serie &hellip;<\/p>","protected":false},"author":2,"featured_media":20237,"comment_status":"closed","ping_status":"closed","sticky":false,"template":"","format":"standard","meta":{"jetpack_post_was_ever_published":false,"_jetpack_newsletter_access":"","_jetpack_dont_email_post_to_subs":false,"_jetpack_newsletter_tier_id":0,"_jetpack_memberships_contains_paywalled_content":false,"_jetpack_memberships_contains_paid_content":false,"footnotes":"","jetpack_publicize_message":"","jetpack_publicize_feature_enabled":true,"jetpack_social_post_already_shared":true,"jetpack_social_options":{"image_generator_settings":{"template":"highway","default_image_id":0,"font":"","enabled":false},"version":2}},"categories":[5,1237],"tags":[1283,1281,1285],"class_list":["post-20236","post","type-post","status-publish","format-standard","has-post-thumbnail","hentry","category-apple","category-noticia","tag-iphone-15","tag-noticia-en-desarrollo","tag-sobrecalentamiento"],"jetpack_publicize_connections":[],"jetpack_featured_media_url":"https:\/\/www.macquero.com\/wp-content\/uploads\/2023\/10\/pp2.jpg","jetpack_sharing_enabled":true,"_links":{"self":[{"href":"https:\/\/www.macquero.com\/en\/wp-json\/wp\/v2\/posts\/20236","targetHints":{"allow":["GET"]}}],"collection":[{"href":"https:\/\/www.macquero.com\/en\/wp-json\/wp\/v2\/posts"}],"about":[{"href":"https:\/\/www.macquero.com\/en\/wp-json\/wp\/v2\/types\/post"}],"author":[{"embeddable":true,"href":"https:\/\/www.macquero.com\/en\/wp-json\/wp\/v2\/users\/2"}],"replies":[{"embeddable":true,"href":"https:\/\/www.macquero.com\/en\/wp-json\/wp\/v2\/comments?post=20236"}],"version-history":[{"count":1,"href":"https:\/\/www.macquero.com\/en\/wp-json\/wp\/v2\/posts\/20236\/revisions"}],"predecessor-version":[{"id":20238,"href":"https:\/\/www.macquero.com\/en\/wp-json\/wp\/v2\/posts\/20236\/revisions\/20238"}],"wp:featuredmedia":[{"embeddable":true,"href":"https:\/\/www.macquero.com\/en\/wp-json\/wp\/v2\/media\/20237"}],"wp:attachment":[{"href":"https:\/\/www.macquero.com\/en\/wp-json\/wp\/v2\/media?parent=20236"}],"wp:term":[{"taxonomy":"category","embeddable":true,"href":"https:\/\/www.macquero.com\/en\/wp-json\/wp\/v2\/categories?post=20236"},{"taxonomy":"post_tag","embeddable":true,"href":"https:\/\/www.macquero.com\/en\/wp-json\/wp\/v2\/tags?post=20236"}],"curies":[{"name":"wp","href":"https:\/\/api.w.org\/{rel}","templated":true}]}}